{"id":6444,"date":"2026-09-01T13:08:48","date_gmt":"2026-09-01T17:08:48","guid":{"rendered":"https:\/\/precrisa.ca\/?p=6444"},"modified":"2026-09-01T13:08:56","modified_gmt":"2026-09-01T17:08:56","slug":"midi-conference-le-reseau-des-eclaireurs-en-sante-psychologique-en-estrie","status":"publish","type":"post","link":"https:\/\/precrisa.ca\/en\/nouvelles\/midi-conference-le-reseau-des-eclaireurs-en-sante-psychologique-en-estrie\/","title":{"rendered":"Midi-conf\u00e9rence | Le r\u00e9seau des \u00e9claireurs en sant\u00e9 psychologique en Estrie\u00a0"},"content":{"rendered":"<p class=\"wp-block-paragraph\">Le&nbsp;16 septembre 2026, de 12 h \u00e0 13 h, l\u2019Institut universitaire de premi\u00e8re ligne en sant\u00e9 et services sociaux (IUPLSSS) du CIUSSS de l\u2019Estrie \u2013 CHUS pr\u00e9sentera un midi-conf\u00e9rence consacr\u00e9 au&nbsp;r\u00e9seau des \u00e9claireurs en sant\u00e9 psychologique en Estrie&nbsp;et \u00e0 l\u2019\u00e9valuation de son implantation et de ses effets.&nbsp;<\/p>\n\n\n\n<p class=\"wp-block-paragraph\">Mis en place dans le contexte de la pand\u00e9mie de COVID-19, le r\u00e9seau des \u00e9claireurs en sant\u00e9 psychologique visait notamment \u00e0&nbsp;renforcer la capacit\u00e9 d\u2019adaptation des individus et des communaut\u00e9s, le tissu social, la mobilisation communautaire et les r\u00e9seaux de soutien. D\u00e9ploy\u00e9e dans les 95 r\u00e9seaux locaux de services (RLS) du Qu\u00e9bec, cette mesure a pris diff\u00e9rentes formes selon les r\u00e9alit\u00e9s et les particularit\u00e9s des territoires.&nbsp;<\/p>\n\n\n\n<p class=\"wp-block-paragraph\">En Estrie, les neuf RLS ont ainsi d\u00e9ploy\u00e9 la mesure selon des modalit\u00e9s variables. En 2025, la Direction de sant\u00e9 publique de l\u2019Estrie a proc\u00e9d\u00e9 \u00e0 une&nbsp;\u00e9valuation de l\u2019implantation de cette intervention de promotion de la sant\u00e9&nbsp;sur son territoire.&nbsp;<\/p>\n\n\n\n<p class=\"wp-block-paragraph\">Lors de cette conf\u00e9rence,&nbsp;Mathieu Roy&nbsp;pr\u00e9sentera les r\u00e9sultats de cette d\u00e9marche d\u2019\u00e9valuation et les enseignements qui peuvent en \u00eatre tir\u00e9s.&nbsp;<\/p>\n\n\n\n<p class=\"wp-block-paragraph\"><strong>16 septembre 2026<\/strong>\u00a0<strong>\u00e0<\/strong>\u00a0<strong>12 h \u00e0 13 h<\/strong>\u00a0<br><strong>En ligne, sur Teams<\/strong>\u00a0<\/p>\n\n\n\n<p class=\"wp-block-paragraph\"><a href=\"https:\/\/www.iuplsss.ca\/evenement\/midi-conference-le-reseau-des-eclaireurs-en-sante-psychologique-en-estrie?utm_source=chatgpt.com\" target=\"_blank\" rel=\"noopener\">S\u2019inscrire et consulter tous les d\u00e9tails de la conf\u00e9rence<\/a><\/p>","protected":false},"excerpt":{"rendered":"<p>Le\u00a016 septembre 2026, de 12 h \u00e0 13 h, l\u2019Institut universitaire de premi\u00e8re ligne en sant\u00e9 et services sociaux (IUPLSSS) du CIUSSS de l\u2019Estrie \u2013 CHUS pr\u00e9sentera un midi-conf\u00e9rence consacr\u00e9 au\u00a0r\u00e9seau des \u00e9claireurs en sant\u00e9 psychologique en Estrie\u00a0et \u00e0 l\u2019\u00e9valuation de son implantation et de ses effets.<\/p>","protected":false},"author":1,"featured_media":6445,"comment_status":"closed","ping_status":"closed","sticky":false,"template":"","format":"standard","meta":{"_seopress_titles_title":"","_seopress_titles_desc":"","_seopress_robots_index":"","_seopress_robots_follow":"","_seopress_robots_imageindex":"","_seopress_robots_snippet":"","_seopress_robots_primary_cat":"","_seopress_robots_breadcrumbs":"","_seopress_robots_freeze_modified_date":"","_seopress_robots_custom_modified_date":"","_seopress_robots_canonical":"","_seopress_social_fb_title":"","_seopress_social_fb_desc":"","_seopress_social_fb_img":"","_seopress_social_fb_img_attachment_id":0,"_seopress_social_fb_img_width":0,"_seopress_social_fb_img_height":0,"_seopress_social_twitter_title":"","_seopress_social_twitter_desc":"","_seopress_social_twitter_img":"","_seopress_social_twitter_img_attachment_id":0,"_seopress_social_twitter_img_width":0,"_seopress_social_twitter_img_height":0,"_seopress_redirections_value":"","_seopress_redirections_enabled":"","_seopress_redirections_enabled_regex":"","_seopress_redirections_logged_status":"","_seopress_redirections_param":"","_seopress_redirections_type":0,"_seopress_analysis_target_kw":"","_jetpack_newsletter_access":"","_jetpack_dont_email_post_to_subs":false,"_jetpack_newsletter_tier_id":0,"_jetpack_memberships_contains_paywalled_content":false,"_jetpack_memberships_contains_paid_content":false,"footnotes":""},"categories":[2],"tags":[],"class_list":["post-6444","post","type-post","status-publish","format-standard","has-post-thumbnail","hentry","category-general"],"jetpack_sharing_enabled":true,"jetpack_featured_media_url":"https:\/\/precrisa.ca\/wp-content\/uploads\/2026\/09\/csm_Conference_IUPLSSS_01_d0be9494d6.jpg","_links":{"self":[{"href":"https:\/\/precrisa.ca\/en\/wp-json\/wp\/v2\/posts\/6444","targetHints":{"allow":["GET"]}}],"collection":[{"href":"https:\/\/precrisa.ca\/en\/wp-json\/wp\/v2\/posts"}],"about":[{"href":"https:\/\/precrisa.ca\/en\/wp-json\/wp\/v2\/types\/post"}],"author":[{"embeddable":true,"href":"https:\/\/precrisa.ca\/en\/wp-json\/wp\/v2\/users\/1"}],"replies":[{"embeddable":true,"href":"https:\/\/precrisa.ca\/en\/wp-json\/wp\/v2\/comments?post=6444"}],"version-history":[{"count":1,"href":"https:\/\/precrisa.ca\/en\/wp-json\/wp\/v2\/posts\/6444\/revisions"}],"predecessor-version":[{"id":6446,"href":"https:\/\/precrisa.ca\/en\/wp-json\/wp\/v2\/posts\/6444\/revisions\/6446"}],"wp:featuredmedia":[{"embeddable":true,"href":"https:\/\/precrisa.ca\/en\/wp-json\/wp\/v2\/media\/6445"}],"wp:attachment":[{"href":"https:\/\/precrisa.ca\/en\/wp-json\/wp\/v2\/media?parent=6444"}],"wp:term":[{"taxonomy":"category","embeddable":true,"href":"https:\/\/precrisa.ca\/en\/wp-json\/wp\/v2\/categories?post=6444"},{"taxonomy":"post_tag","embeddable":true,"href":"https:\/\/precrisa.ca\/en\/wp-json\/wp\/v2\/tags?post=6444"}],"curies":[{"name":"wp","href":"https:\/\/api.w.org\/{rel}","templated":true}]}}