{"id":6419,"date":"2026-08-28T12:36:12","date_gmt":"2026-08-28T16:36:12","guid":{"rendered":"https:\/\/precrisa.ca\/?p=6419"},"modified":"2026-08-28T13:21:11","modified_gmt":"2026-08-28T17:21:11","slug":"decouvrez-la-nouvelle-composition-du-comite-etudiant-du-reseau-precrisa","status":"publish","type":"post","link":"https:\/\/precrisa.ca\/en\/nouvelles\/decouvrez-la-nouvelle-composition-du-comite-etudiant-du-reseau-precrisa\/","title":{"rendered":"D\u00e9couvrez la nouvelle composition du comit\u00e9 \u00e9tudiant du R\u00e9seau Pr\u00e9crisa\u00a0"},"content":{"rendered":"<p class=\"wp-block-paragraph\">Une nouvelle ann\u00e9e s\u2019amorce pour le&nbsp;<strong>comit\u00e9 \u00e9tudiant du R\u00e9seau Pr\u00e9crisa<\/strong>, avec l\u2019arriv\u00e9e de&nbsp;cinq&nbsp;nouveaux membres et le renouvellement des mandats de deux personnes qui poursuivront leur engagement aupr\u00e8s de la communaut\u00e9 \u00e9tudiante.&nbsp;<\/p>\n\n\n\n<p class=\"wp-block-paragraph\">Pour 2026-2027, le comit\u00e9 sera compos\u00e9 de&nbsp;<strong>Joanie Turmel,&nbsp;<\/strong>qui assumera la responsabilit\u00e9 du comit\u00e9 \u00e9tudiant,&nbsp;<strong>Samantha&nbsp;Beaudoin, Boko Kouadio Rodrigue, Albane Bourcier de&nbsp;Saint-Chaffray, Anouk B\u00e9rub\u00e9, Ang\u00e9lique Ingabire&nbsp;et Anne-Laure Dub\u00e9<\/strong>.&nbsp;&nbsp;<\/p>\n\n\n\n<p class=\"wp-block-paragraph\">Cette nouvelle \u00e9quipe rassemble des membres aux parcours et aux champs d\u2019int\u00e9r\u00eat diversifi\u00e9s, \u00e0 l\u2019image de l\u2019interdisciplinarit\u00e9 qui caract\u00e9rise le R\u00e9seau Pr\u00e9crisa.&nbsp;<\/p>\n\n\n\n<p class=\"wp-block-paragraph\">Doctorante interdisciplinaire en sant\u00e9 et soci\u00e9t\u00e9 \u00e0 l\u2019Universit\u00e9 du Qu\u00e9bec \u00e0 Montr\u00e9al,&nbsp;<strong>Joanie Turmel<\/strong>&nbsp;s\u2019int\u00e9resse notamment aux enjeux de coh\u00e9sion sociale en contexte de d\u00e9ficits croissants d\u2019eau potable au Qu\u00e9bec ainsi qu\u2019\u00e0 la sant\u00e9 et au bien-\u00eatre des populations face aux changements climatiques et aux enjeux de justice climatique et environnementale.&nbsp;<\/p>\n\n\n\n<p class=\"wp-block-paragraph\"><strong>Samantha Beaudoin<\/strong>&nbsp;poursuit un doctorat en sciences infirmi\u00e8res \u00e0 l\u2019Universit\u00e9 du Qu\u00e9bec \u00e0 Rimouski. Son projet doctoral porte sur le r\u00f4le infirmier en transport interhospitalier p\u00e9diatrique, tandis que ses int\u00e9r\u00eats de recherche touchent plus largement \u00e0 la p\u00e9diatrie, aux soins critiques et aux interventions mises en place en contexte de crise dans ces secteurs. Impliqu\u00e9e au sein de l\u2019axe&nbsp;<strong>Syst\u00e8mes de sant\u00e9<\/strong>&nbsp;depuis le d\u00e9but de l\u2019ann\u00e9e 2026, elle poursuit cette ann\u00e9e son engagement au sein du comit\u00e9 \u00e9tudiant du R\u00e9seau Pr\u00e9crisa.&nbsp;<\/p>\n\n\n\n<p class=\"wp-block-paragraph\"><strong>Kouadio Rodrigue Boko<\/strong>, li\u00e9 \u00e0 l\u2019axe&nbsp;<strong>Gouvernance et collaboration<\/strong>,&nbsp;est doctorant en administration publique \u00e0 l\u2019\u00c9cole nationale d\u2019administration publique (\u00c9NAP), o\u00f9 il s\u2019int\u00e9resse \u00e0 la gouvernance des syst\u00e8mes de recherche en sant\u00e9 publique et aux interfaces entre science et d\u00e9cision publique. Ses travaux mobilisent notamment la collaboration intersectorielle, la communication strat\u00e9gique et les r\u00e9seaux comme leviers de r\u00e9silience organisationnelle en contexte de crise. Titulaire d\u2019une ma\u00eetrise en administration publique avec mention d\u2019excellence, il contribue \u00e9galement \u00e0 des projets de recherche financ\u00e9s par le FRQ et le CRSH portant sur la gouvernance, la gestion de crise et la transformation des administrations publiques.&nbsp;<\/p>\n\n\n\n<p class=\"wp-block-paragraph\">Rattach\u00e9e \u00e0&nbsp;l\u2019axe&nbsp;<strong>Individus, communaut\u00e9s et bien-\u00eatre<\/strong>,&nbsp;<strong>Anouk B\u00e9rub\u00e9<\/strong>&nbsp;poursuit un doctorat en sant\u00e9 publique et communautaire \u00e0 l\u2019Universit\u00e9 Laval. Ses travaux portent sur la sant\u00e9 environnementale, particuli\u00e8rement sur les effets des changements climatiques sur la sant\u00e9 et le bien-\u00eatre des populations en situation de vuln\u00e9rabilit\u00e9 et sur la r\u00e9silience communautaire.&nbsp;&nbsp;<\/p>\n\n\n\n<p class=\"wp-block-paragraph\">Doctorante en psychologie sociale \u00e0 l\u2019Universit\u00e9 de Montr\u00e9al et membre de l\u2019axe&nbsp;<strong>Mod\u00e9lisation<\/strong>,&nbsp;<strong>Albane Bourcier de&nbsp;Saint-Chaffray<\/strong>&nbsp;\u00e9tudie les dynamiques de changement social. Ses recherches s\u2019int\u00e9ressent notamment \u00e0 la m\u00e9moire collective, \u00e0 l\u2019identit\u00e9 et aux \u00e9motions collectives ainsi qu\u2019aux facteurs de r\u00e9silience des soci\u00e9t\u00e9s face aux crises.&nbsp;&nbsp;<\/p>\n\n\n\n<p class=\"wp-block-paragraph\"><strong>Ang\u00e9lique Ingabire<\/strong>, associ\u00e9e \u00e0 l\u2019axe&nbsp;<strong>\u00c9cosyst\u00e8mes<\/strong>,&nbsp;poursuit un doctorat en sant\u00e9 mondiale \u00e0 l\u2019\u00c9cole de sant\u00e9 publique de l\u2019Universit\u00e9 de Montr\u00e9al. Titulaire d\u2019une ma\u00eetrise en gestion int\u00e9gr\u00e9e des risques sanitaires et d\u2019un baccalaur\u00e9at en sciences animales, elle s\u2019int\u00e9resse particuli\u00e8rement aux zoonoses \u00e0 transmission vectorielle et \u00e0 l\u2019approche&nbsp;<em>Une seule sant\u00e9<\/em>. Ses travaux doctoraux portent sur le d\u00e9veloppement et l\u2019utilisation d\u2019outils d\u2019\u00e9valuation du risque pour les maladies transmises par les moustiques en Afrique de l\u2019Est et au Canada, notamment dans un contexte de changements climatiques.&nbsp;<\/p>\n\n\n\n<p class=\"wp-block-paragraph\">Enfin,&nbsp;<strong>Anne-Laure Dub\u00e9<\/strong>, \u00e9tudiante \u00e0 la ma\u00eetrise en administration publique \u00e0 l\u2019\u00c9cole nationale d\u2019administration publique (\u00c9NAP), est rattach\u00e9e \u00e0 l\u2019axe&nbsp;<strong>Confiance, savoirs et engagement<\/strong>, dont elle assure \u00e9galement la coordination. Ses travaux s\u2019int\u00e9ressent particuli\u00e8rement aux conditions organisationnelles permettant de soutenir les pratiques de partenariat citoyen dans les milieux de soins.&nbsp;&nbsp;<\/p>\n\n\n\n<p class=\"wp-block-paragraph\">Par la diversit\u00e9 de leurs disciplines, de leurs objets de recherche et de leurs exp\u00e9riences, les sept membres du comit\u00e9 contribueront \u00e0 repr\u00e9senter la rel\u00e8ve au sein du R\u00e9seau, \u00e0 favoriser les liens entre les membres \u00e9tudiants et \u00e0 faire \u00e9merger de nouvelles initiatives au cours de la prochaine ann\u00e9e.&nbsp;<\/p>\n\n\n\n<p class=\"wp-block-paragraph\"><strong>Bienvenue \u00e0 Joanie, Albane, Anouk, Ang\u00e9lique et Anne-Laure, et merci \u00e0 Samantha et Boko de poursuivre l\u2019aventure avec&nbsp;nous!<\/strong>&nbsp;Nous avons h\u00e2te de d\u00e9couvrir&nbsp;<strong>les projets et les initiatives que cette nouvelle \u00e9quipe contribuera \u00e0 faire \u00e9merger<\/strong>&nbsp;au sein de la communaut\u00e9 \u00e9tudiante du Pr\u00e9crisa.&nbsp;<\/p>\n\n\n\n<figure class=\"wp-block-image size-full\"><img loading=\"lazy\" decoding=\"async\" width=\"600\" height=\"200\" src=\"https:\/\/precrisa.ca\/wp-content\/uploads\/2026\/08\/Bienvenue-au-comite-etudiant-2026-2027-600-x-200-px-3.png\" alt=\"\" class=\"wp-image-6424\" srcset=\"https:\/\/precrisa.ca\/wp-content\/uploads\/2026\/08\/Bienvenue-au-comite-etudiant-2026-2027-600-x-200-px-3.png 600w, https:\/\/precrisa.ca\/wp-content\/uploads\/2026\/08\/Bienvenue-au-comite-etudiant-2026-2027-600-x-200-px-3-480x160.png 480w\" sizes=\"(min-width: 0px) and (max-width: 480px) 480px, (min-width: 481px) 600px, 100vw\" \/><\/figure>","protected":false},"excerpt":{"rendered":"<p>Pour 2026-2027, le comit\u00e9 sera compos\u00e9 de\u00a0Joanie Turmel,\u00a0qui assumera la responsabilit\u00e9 du comit\u00e9 \u00e9tudiant,\u00a0Samantha\u00a0Beaudoin, Boko Kouadio Rodrigue, Albane Bourcier de\u00a0Saint-Chaffray, Anouk B\u00e9rub\u00e9, Ang\u00e9lique Ingabire\u00a0et Anne-Laure Dub\u00e9.<\/p>","protected":false},"author":1,"featured_media":6424,"comment_status":"closed","ping_status":"closed","sticky":false,"template":"","format":"standard","meta":{"_seopress_titles_title":"","_seopress_titles_desc":"","_seopress_robots_index":"","_seopress_robots_follow":"","_seopress_robots_imageindex":"","_seopress_robots_snippet":"","_seopress_robots_primary_cat":"","_seopress_robots_breadcrumbs":"","_seopress_robots_freeze_modified_date":"","_seopress_robots_custom_modified_date":"","_seopress_robots_canonical":"","_seopress_social_fb_title":"","_seopress_social_fb_desc":"","_seopress_social_fb_img":"https:\/\/precrisa.ca\/wp-content\/uploads\/2026\/08\/etudiants-26-27.jpg","_seopress_social_fb_img_attachment_id":6422,"_seopress_social_fb_img_width":1694,"_seopress_social_fb_img_height":576,"_seopress_social_twitter_title":"","_seopress_social_twitter_desc":"","_seopress_social_twitter_img":"","_seopress_social_twitter_img_attachment_id":0,"_seopress_social_twitter_img_width":0,"_seopress_social_twitter_img_height":0,"_seopress_redirections_value":"","_seopress_redirections_enabled":"","_seopress_redirections_enabled_regex":"","_seopress_redirections_logged_status":"","_seopress_redirections_param":"","_seopress_redirections_type":0,"_seopress_analysis_target_kw":"","_jetpack_newsletter_access":"","_jetpack_dont_email_post_to_subs":false,"_jetpack_newsletter_tier_id":0,"_jetpack_memberships_contains_paywalled_content":false,"_jetpack_memberships_contains_paid_content":false,"footnotes":""},"categories":[2],"tags":[],"class_list":["post-6419","post","type-post","status-publish","format-standard","has-post-thumbnail","hentry","category-general"],"jetpack_sharing_enabled":true,"jetpack_featured_media_url":"https:\/\/precrisa.ca\/wp-content\/uploads\/2026\/08\/Bienvenue-au-comite-etudiant-2026-2027-600-x-200-px-3.png","_links":{"self":[{"href":"https:\/\/precrisa.ca\/en\/wp-json\/wp\/v2\/posts\/6419","targetHints":{"allow":["GET"]}}],"collection":[{"href":"https:\/\/precrisa.ca\/en\/wp-json\/wp\/v2\/posts"}],"about":[{"href":"https:\/\/precrisa.ca\/en\/wp-json\/wp\/v2\/types\/post"}],"author":[{"embeddable":true,"href":"https:\/\/precrisa.ca\/en\/wp-json\/wp\/v2\/users\/1"}],"replies":[{"embeddable":true,"href":"https:\/\/precrisa.ca\/en\/wp-json\/wp\/v2\/comments?post=6419"}],"version-history":[{"count":2,"href":"https:\/\/precrisa.ca\/en\/wp-json\/wp\/v2\/posts\/6419\/revisions"}],"predecessor-version":[{"id":6426,"href":"https:\/\/precrisa.ca\/en\/wp-json\/wp\/v2\/posts\/6419\/revisions\/6426"}],"wp:featuredmedia":[{"embeddable":true,"href":"https:\/\/precrisa.ca\/en\/wp-json\/wp\/v2\/media\/6424"}],"wp:attachment":[{"href":"https:\/\/precrisa.ca\/en\/wp-json\/wp\/v2\/media?parent=6419"}],"wp:term":[{"taxonomy":"category","embeddable":true,"href":"https:\/\/precrisa.ca\/en\/wp-json\/wp\/v2\/categories?post=6419"},{"taxonomy":"post_tag","embeddable":true,"href":"https:\/\/precrisa.ca\/en\/wp-json\/wp\/v2\/tags?post=6419"}],"curies":[{"name":"wp","href":"https:\/\/api.w.org\/{rel}","templated":true}]}}