{"id":6395,"date":"2026-08-27T15:48:33","date_gmt":"2026-08-27T19:48:33","guid":{"rendered":"https:\/\/precrisa.ca\/?p=6395"},"modified":"2026-08-27T16:12:43","modified_gmt":"2026-08-27T20:12:43","slug":"jasp-2026-precrisa-coorganisera-deux-journees-thematiques-consacrees-aux-menaces-sanitaires-et-a-leau-potable","status":"publish","type":"post","link":"https:\/\/precrisa.ca\/en\/nouvelles\/jasp-2026-precrisa-coorganisera-deux-journees-thematiques-consacrees-aux-menaces-sanitaires-et-a-leau-potable\/","title":{"rendered":"JASP 2026 | Pr\u00e9crisa coorganisera deux journ\u00e9es th\u00e9matiques consacr\u00e9es aux menaces sanitaires et \u00e0 l\u2019eau potable\u00a0"},"content":{"rendered":"<p class=\"wp-block-paragraph\">Le R\u00e9seau Pr\u00e9crisa participera activement aux&nbsp;<strong>29es Journ\u00e9es annuelles de sant\u00e9 publique (JASP)<\/strong>&nbsp;en coorganisant deux journ\u00e9es th\u00e9matiques, les&nbsp;<strong>8 et 9 d\u00e9cembre 2026<\/strong>, autour d'enjeux au c\u0153ur des travaux du R\u00e9seau : l'op\u00e9rationnalisation de l'approche&nbsp;<em>Une seule sant\u00e9<\/em>&nbsp;face aux menaces sanitaires et les d\u00e9fis li\u00e9s \u00e0 l'acc\u00e8s \u00e0 une eau potable de qualit\u00e9 dans les petites communaut\u00e9s.&nbsp;<\/p>\n\n\n\n<p class=\"wp-block-paragraph\">Les inscriptions aux JASP 2026&nbsp;<strong>ouvriront le 7 septembre prochain<\/strong>. D'ici l\u00e0, les programmations d\u00e9taill\u00e9es des deux journ\u00e9es sont d\u00e9j\u00e0 disponibles.&nbsp;<\/p>\n\n\n\n<p class=\"wp-block-paragraph\"><strong>8 d\u00e9cembre | Face aux menaces sanitaires : passer \u00e0 l'action avec l'approche Une seule sant\u00e9<\/strong>&nbsp;<\/p>\n\n\n\n<p class=\"wp-block-paragraph\">Alors que les menaces sanitaires se multiplient et se complexifient, cette premi\u00e8re journ\u00e9e proposera de r\u00e9fl\u00e9chir aux moyens de rendre l'approche&nbsp;<strong>Une seule sant\u00e9<\/strong>&nbsp;pleinement op\u00e9rationnelle pour mieux pr\u00e9venir les crises, s'y pr\u00e9parer, intervenir lorsqu'elles surviennent et soutenir le r\u00e9tablissement.&nbsp;<\/p>\n\n\n\n<p class=\"wp-block-paragraph\">Fond\u00e9e sur l'interd\u00e9pendance entre les sant\u00e9s humaine, animale et environnementale, cette approche invite \u00e0 d\u00e9passer les silos disciplinaires et sectoriels afin de mieux r\u00e9pondre \u00e0 des enjeux complexes.&nbsp;<\/p>\n\n\n\n<p class=\"wp-block-paragraph\">\u00c0 travers des&nbsp;<strong>pr\u00e9sentations, une simulation, des ateliers interactifs, des tables rondes et des retours d'exp\u00e9rience<\/strong>, les personnes participantes seront notamment invit\u00e9es \u00e0 explorer les interrelations entre les diff\u00e9rentes dimensions des menaces \u00e0 la sant\u00e9, \u00e0 reconna\u00eetre les occasions d'int\u00e9grer l'approche&nbsp;<em>Une seule sant\u00e9<\/em>&nbsp;dans leurs pratiques et \u00e0 identifier des actions concr\u00e8tes pour favoriser sa mise en \u0153uvre.&nbsp;<\/p>\n\n\n\n<p class=\"wp-block-paragraph\">La journ\u00e9e abordera notamment la collaboration intersectorielle dans la gestion de la&nbsp;<strong>fi\u00e8vre Q au Bas-Saint-Laurent<\/strong>, les m\u00e9canismes de collaboration interminist\u00e9rielle, les liens entre biodiversit\u00e9, s\u00e9curit\u00e9 alimentaire et sant\u00e9 publique ainsi que la mise sur pied d'une&nbsp;<strong>cohorte sentinelle Une seule sant\u00e9 consacr\u00e9e \u00e0 l'influenza aviaire hautement pathog\u00e8ne H5N1<\/strong>.&nbsp;<\/p>\n\n\n\n<p class=\"wp-block-paragraph\"><strong>H\u00e9l\u00e8ne Carabin<\/strong>, codirectrice du R\u00e9seau Pr\u00e9crisa, professeure titulaire \u00e0 l'Universit\u00e9 de Montr\u00e9al et titulaire de la Chaire de recherche du Canada sur l'\u00e9pid\u00e9miologie et Une seule sant\u00e9, pr\u00e9sentera \u00e9galement un tour d'horizon des initiatives strat\u00e9giques visant \u00e0 structurer l'approche&nbsp;<em>Une seule sant\u00e9<\/em>&nbsp;au Qu\u00e9bec en coh\u00e9rence avec les initiatives canadiennes et internationales.&nbsp;&nbsp;<\/p>\n\n\n\n<p class=\"wp-block-paragraph\"><a href=\"https:\/\/www.inspq.qc.ca\/jasp\/programmation\/8dec\/face-aux-menaces-sanitaires?utm_source=chatgpt.com\" target=\"_blank\" rel=\"noopener\">Consulter la programmation compl\u00e8te de la journ\u00e9e du 8 d\u00e9cembre<\/a>&nbsp;<\/p>\n\n\n\n<p class=\"wp-block-paragraph\"><strong>9 d\u00e9cembre | L'eau potable au Qu\u00e9bec : petites communaut\u00e9s, grands d\u00e9fis<\/strong>&nbsp;<\/p>\n\n\n\n<p class=\"wp-block-paragraph\">La deuxi\u00e8me journ\u00e9e coorganis\u00e9e par Pr\u00e9crisa s'int\u00e9ressera \u00e0 un autre enjeu majeur de sant\u00e9 publique :&nbsp;<strong>l'acc\u00e8s \u00e0 une eau de qualit\u00e9 et en quantit\u00e9 suffisante dans les petites communaut\u00e9s du Qu\u00e9bec<\/strong>.&nbsp;<\/p>\n\n\n\n<p class=\"wp-block-paragraph\">Les personnes qui s'approvisionnent par un puits individuel, un petit r\u00e9seau priv\u00e9 ou municipal ou encore par camion-citerne peuvent \u00eatre particuli\u00e8rement expos\u00e9es aux enjeux touchant la qualit\u00e9 et la quantit\u00e9 d'eau disponible. Les changements climatiques et les \u00e9v\u00e9nements m\u00e9t\u00e9orologiques extr\u00eames, auxquels s'ajoutent notamment la croissance d\u00e9mographique, certains grands projets de d\u00e9veloppement et le vieillissement des infrastructures, accentuent les pressions exerc\u00e9es sur cette ressource essentielle.&nbsp;&nbsp;<\/p>\n\n\n\n<p class=\"wp-block-paragraph\">La journ\u00e9e permettra de&nbsp;dresser&nbsp;un portrait des&nbsp;<strong>enjeux actuels et futurs li\u00e9s \u00e0 la qualit\u00e9 et \u00e0 la quantit\u00e9 d'eau potable<\/strong>, d'en examiner les cons\u00e9quences potentielles sur la sant\u00e9, y compris les impacts psychosociaux,&nbsp;et d'explorer des solutions et des pratiques favorisant une gestion plus int\u00e9gr\u00e9e de la ressource.&nbsp;<\/p>\n\n\n\n<p class=\"wp-block-paragraph\">La programmation fera dialoguer les connaissances scientifiques et les exp\u00e9riences de terrain. Elle abordera notamment les r\u00e9alit\u00e9s des petits r\u00e9seaux et des puits individuels dans diff\u00e9rentes r\u00e9gions du Qu\u00e9bec, l'adaptation aux changements climatiques, l'acceptabilit\u00e9 sociale de solutions alternatives d'approvisionnement, la gestion d'une contamination en contexte d'incertitude ainsi que l'initiative&nbsp;<strong>Mon eau, mon puits, ma sant\u00e9<\/strong>.&nbsp;&nbsp;<\/p>\n\n\n\n<p class=\"wp-block-paragraph\"><strong>Lily Lessard<\/strong>, directrice du R\u00e9seau Pr\u00e9crisa, professeure titulaire \u00e0 l'Universit\u00e9 du Qu\u00e9bec \u00e0 Rimouski et cotitulaire de la Chaire interdisciplinaire sur la sant\u00e9 et les services sociaux pour les populations rurales (CIRUSSS), compte parmi les responsables scientifiques de cette journ\u00e9e. Elle animera \u00e9galement une table ronde r\u00e9unissant des exp\u00e9riences provenant de plusieurs r\u00e9gions du Qu\u00e9bec afin de mettre en lumi\u00e8re les enjeux v\u00e9cus sur le terrain et les solutions mises en \u0153uvre.&nbsp;&nbsp;<\/p>\n\n\n\n<p class=\"wp-block-paragraph\"><a href=\"https:\/\/www.inspq.qc.ca\/jasp\/programmation\/9dec\/eau-potable-au-quebec?utm_source=chatgpt.com\" target=\"_blank\" rel=\"noopener\">Consulter la programmation compl\u00e8te de la journ\u00e9e du 9 d\u00e9cembre<\/a>&nbsp;<\/p>\n\n\n\n<p class=\"wp-block-paragraph\"><strong>Rendez-vous les 8 et 9 d\u00e9cembre<\/strong>&nbsp;<\/p>\n\n\n\n<p class=\"wp-block-paragraph\">Ces deux journ\u00e9es illustrent la n\u00e9cessit\u00e9 de&nbsp;<strong>croiser les disciplines, les secteurs et les savoirs<\/strong>&nbsp;pour mieux comprendre des enjeux de sant\u00e9 publique de plus en plus complexes et d\u00e9velopper des r\u00e9ponses adapt\u00e9es aux r\u00e9alit\u00e9s des populations et des territoires.&nbsp;<\/p>\n\n\n\n<p class=\"wp-block-paragraph\"><strong>8 d\u00e9cembre :<\/strong>&nbsp;<em>Face aux menaces sanitaires : passer \u00e0 l'action avec l'approche Une seule sant\u00e9<\/em>&nbsp;<br><strong>9 d\u00e9cembre :<\/strong>&nbsp;<em>L'eau potable au Qu\u00e9bec : petites communaut\u00e9s, grands d\u00e9fis<\/em>&nbsp;<br><strong>Ouverture des inscriptions : 7 septembre 2026<\/strong>&nbsp;<\/p>\n\n\n\n<p class=\"wp-block-paragraph\">Nous invitons les membres du R\u00e9seau, ses partenaires et toutes les personnes int\u00e9ress\u00e9es par ces enjeux \u00e0 d\u00e9couvrir les programmations et \u00e0 se joindre \u00e0 nous aux JASP 2026.<\/p>","protected":false},"excerpt":{"rendered":"<p>Le R\u00e9seau Pr\u00e9crisa participera activement aux 29es Journ\u00e9es annuelles de sant\u00e9 publique (JASP) en coorganisant deux journ\u00e9es th\u00e9matiques, les 8 et 9 d\u00e9cembre 2026, autour d&#8217;enjeux au c\u0153ur des travaux du R\u00e9seau : l&#8217;op\u00e9rationnalisation de l&#8217;approche Une seule sant\u00e9 face aux menaces sanitaires et les d\u00e9fis li\u00e9s \u00e0 l&#8217;acc\u00e8s \u00e0 une eau potable de qualit\u00e9 dans les petites communaut\u00e9s. <\/p>","protected":false},"author":1,"featured_media":6401,"comment_status":"closed","ping_status":"closed","sticky":false,"template":"","format":"standard","meta":{"_seopress_titles_title":"","_seopress_titles_desc":"","_seopress_robots_index":"","_seopress_robots_follow":"","_seopress_robots_imageindex":"","_seopress_robots_snippet":"","_seopress_robots_primary_cat":"","_seopress_robots_breadcrumbs":"","_seopress_robots_freeze_modified_date":"","_seopress_robots_custom_modified_date":"","_seopress_robots_canonical":"","_seopress_social_fb_title":"","_seopress_social_fb_desc":"","_seopress_social_fb_img":"","_seopress_social_fb_img_attachment_id":0,"_seopress_social_fb_img_width":0,"_seopress_social_fb_img_height":0,"_seopress_social_twitter_title":"","_seopress_social_twitter_desc":"","_seopress_social_twitter_img":"","_seopress_social_twitter_img_attachment_id":0,"_seopress_social_twitter_img_width":0,"_seopress_social_twitter_img_height":0,"_seopress_redirections_value":"","_seopress_redirections_enabled":"","_seopress_redirections_enabled_regex":"","_seopress_redirections_logged_status":"","_seopress_redirections_param":"","_seopress_redirections_type":0,"_seopress_analysis_target_kw":"","_jetpack_newsletter_access":"","_jetpack_dont_email_post_to_subs":false,"_jetpack_newsletter_tier_id":0,"_jetpack_memberships_contains_paywalled_content":false,"_jetpack_memberships_contains_paid_content":false,"footnotes":""},"categories":[2],"tags":[],"class_list":["post-6395","post","type-post","status-publish","format-standard","has-post-thumbnail","hentry","category-general"],"jetpack_sharing_enabled":true,"jetpack_featured_media_url":"https:\/\/precrisa.ca\/wp-content\/uploads\/2026\/08\/jasp.jpg","_links":{"self":[{"href":"https:\/\/precrisa.ca\/en\/wp-json\/wp\/v2\/posts\/6395","targetHints":{"allow":["GET"]}}],"collection":[{"href":"https:\/\/precrisa.ca\/en\/wp-json\/wp\/v2\/posts"}],"about":[{"href":"https:\/\/precrisa.ca\/en\/wp-json\/wp\/v2\/types\/post"}],"author":[{"embeddable":true,"href":"https:\/\/precrisa.ca\/en\/wp-json\/wp\/v2\/users\/1"}],"replies":[{"embeddable":true,"href":"https:\/\/precrisa.ca\/en\/wp-json\/wp\/v2\/comments?post=6395"}],"version-history":[{"count":0,"href":"https:\/\/precrisa.ca\/en\/wp-json\/wp\/v2\/posts\/6395\/revisions"}],"wp:featuredmedia":[{"embeddable":true,"href":"https:\/\/precrisa.ca\/en\/wp-json\/wp\/v2\/media\/6401"}],"wp:attachment":[{"href":"https:\/\/precrisa.ca\/en\/wp-json\/wp\/v2\/media?parent=6395"}],"wp:term":[{"taxonomy":"category","embeddable":true,"href":"https:\/\/precrisa.ca\/en\/wp-json\/wp\/v2\/categories?post=6395"},{"taxonomy":"post_tag","embeddable":true,"href":"https:\/\/precrisa.ca\/en\/wp-json\/wp\/v2\/tags?post=6395"}],"curies":[{"name":"wp","href":"https:\/\/api.w.org\/{rel}","templated":true}]}}