{"id":5288,"date":"2026-03-19T18:00:45","date_gmt":"2026-03-19T22:00:45","guid":{"rendered":"https:\/\/precrisa.ca\/?p=5288"},"modified":"2026-03-19T18:00:47","modified_gmt":"2026-03-19T22:00:47","slug":"linfolettre-du-reseau-qualaxia-consacree-a-la-thematique-situations-de-crise-et-sante-mentale-est-maintenant-disponible","status":"publish","type":"post","link":"https:\/\/precrisa.ca\/en\/nouvelles\/linfolettre-du-reseau-qualaxia-consacree-a-la-thematique-situations-de-crise-et-sante-mentale-est-maintenant-disponible\/","title":{"rendered":"L\u2019infolettre du r\u00e9seau Qualaxia consacr\u00e9e \u00e0 la th\u00e9matique\u00a0Situations de crise et sant\u00e9 mentale\u00a0est maintenant disponible."},"content":{"rendered":"<p>\u00c0 la suite de l\u2019<a href=\"https:\/\/precrisa.ca\/en\/nouvelles\/appel-a-soumission-dossier-crises-sanitaires-et-sante-mentale\/\" target=\"_blank\" rel=\"noreferrer noopener\">appel \u00e0 soumissions<\/a>\u00a0lanc\u00e9 le 3 septembre 2025 dans le cadre du concours visant \u00e0 enrichir cette th\u00e9matique du r\u00e9seau Qualaxia, le Pr\u00e9crisa est heureux d\u2019annoncer que plusieurs des publications retenues figurent d\u00e9sormais dans l\u2019\u00e9dition de mars 2026 de la Quazette, parrain\u00e9e par Pr\u00e9crisa.<\/p>\n\n\n\n<p>Cette \u00e9dition met en lumi\u00e8re la th\u00e9matique&nbsp;<em>Situations de crise et sant\u00e9 mentale<\/em>&nbsp;et pr\u00e9sente plusieurs productions originales.<\/p>\n\n\n\n<ul class=\"wp-block-list\">\n<li><a href=\"https:\/\/qualaxia.org\/article\/lappartenance-a-un-groupe-un-bouclier-psychologique-contre-lisolement\/\" target=\"_blank\" rel=\"noreferrer noopener\">L&#8217;appartenance \u00e0 un groupe : un bouclier psychologique contre l&#8217;isolement<\/a>\u00a0<em>Jane Doherty et al., 2026<\/em><\/li>\n\n\n\n<li><a href=\"https:\/\/qualaxia.org\/publication\/sante-mentale-et-habitudes-de-vie-du-personnel-de-sante-canadien-durant-la-pandemie-mieux-comprendre-pour-mieux-soutenir\/\" target=\"_blank\" rel=\"noreferrer noopener\">Sant\u00e9 mentale et habitudes de vie du personnel de sant\u00e9 canadien durant la pand\u00e9mie : mieux comprendre pour mieux soutenir<\/a>\u00a0<em>Vincent Gosselin Boucher et al., 2026<\/em><\/li>\n\n\n\n<li><a href=\"https:\/\/qualaxia.org\/outils-et-publications\/?mot-cle=Anticiper+les+changements+sociaux+dramatiques+et+leurs+cons%C3%A9quences+sur+la+sant%C3%A9+mentale+de+la+population+g%C3%A9n%C3%A9rale+%3A+l%27algorithme+du+changement+social\" target=\"_blank\" rel=\"noreferrer noopener\">Anticiper les changements sociaux dramatiques et leurs cons\u00e9quences sur la sant\u00e9 mentale de la population g\u00e9n\u00e9rale : l&#8217;algorithme du changement social<\/a><em>Enzo Lengel\u00e9 et al., 2026<\/em><\/li>\n<\/ul>\n\n\n\n<p>Vous y trouverez \u00e9galement d\u2019autres publications, initiatives et projets en cours, ainsi qu\u2019une s\u00e9lection de ressources utiles li\u00e9es \u00e0 cette th\u00e9matique.<\/p>\n\n\n\n<p>Le R\u00e9seau Pr\u00e9crisa invite les lecteurs et lectrices \u00e0 surveiller les prochaines \u00e9ditions de la Quazette, o\u00f9 para\u00eetront d\u2019autres productions originales soumises dans le cadre du concours.<\/p>\n\n\n\n<p>Le Pr\u00e9crisa tient \u00e0 remercier chaleureusement le r\u00e9seau Qualaxia pour cette collaboration soutenue autour d\u2019un enjeu de grande actualit\u00e9. Il tient \u00e9galement \u00e0 f\u00e9liciter et remercier l\u2019ensemble des auteurs et autrices dont les travaux contribuent \u00e0 enrichir les connaissances et \u00e0 nourrir la r\u00e9flexion sur la sant\u00e9 mentale en contexte de crise.<\/p>\n\n\n\n<p>Pour lire la Quazette et vous y abonner\u00a0:\u00a0<a href=\"https:\/\/qualaxia.org\/quazette-infolettre\/\" target=\"_blank\" rel=\"noreferrer noopener\">Quazette : infolettre | R\u00e9seau Qualaxia<\/a><\/p>\n\n\n\n<p>Pour consulter les dossiers de la th\u00e9matique\u00a0<em>Situations de crise et sant\u00e9 mentale\u00a0:\u00a0<a href=\"https:\/\/qualaxia.org\/#situations-de-crise-et-sante-mentale\" target=\"_blank\" rel=\"noreferrer noopener\">Situations de crise et sant\u00e9 mentale\u00a0<\/a>\u00a0<\/em><\/p>","protected":false},"excerpt":{"rendered":"<p>\u00c0 la suite de l\u2019appel \u00e0 soumissions\u00a0lanc\u00e9 le 3 septembre 2025 dans le cadre du concours visant \u00e0 enrichir cette th\u00e9matique du r\u00e9seau Qualaxia, le Pr\u00e9crisa est heureux d\u2019annoncer que plusieurs des publications retenues figurent d\u00e9sormais dans l\u2019\u00e9dition de mars 2026 de la Quazette, parrain\u00e9e par Pr\u00e9crisa.<\/p>","protected":false},"author":1,"featured_media":5290,"comment_status":"closed","ping_status":"closed","sticky":false,"template":"","format":"standard","meta":{"_seopress_robots_primary_cat":"none","_seopress_titles_title":"","_seopress_titles_desc":"","_seopress_robots_index":"","_et_pb_use_builder":"off","_et_pb_old_content":"","_et_gb_content_width":"","_jetpack_memberships_contains_paid_content":false,"footnotes":""},"categories":[2],"tags":[],"class_list":["post-5288","post","type-post","status-publish","format-standard","has-post-thumbnail","hentry","category-general"],"jetpack_featured_media_url":"https:\/\/precrisa.ca\/wp-content\/uploads\/2026\/03\/Quazette-banniere.jpg","jetpack_sharing_enabled":true,"_links":{"self":[{"href":"https:\/\/precrisa.ca\/en\/wp-json\/wp\/v2\/posts\/5288","targetHints":{"allow":["GET"]}}],"collection":[{"href":"https:\/\/precrisa.ca\/en\/wp-json\/wp\/v2\/posts"}],"about":[{"href":"https:\/\/precrisa.ca\/en\/wp-json\/wp\/v2\/types\/post"}],"author":[{"embeddable":true,"href":"https:\/\/precrisa.ca\/en\/wp-json\/wp\/v2\/users\/1"}],"replies":[{"embeddable":true,"href":"https:\/\/precrisa.ca\/en\/wp-json\/wp\/v2\/comments?post=5288"}],"version-history":[{"count":1,"href":"https:\/\/precrisa.ca\/en\/wp-json\/wp\/v2\/posts\/5288\/revisions"}],"predecessor-version":[{"id":5291,"href":"https:\/\/precrisa.ca\/en\/wp-json\/wp\/v2\/posts\/5288\/revisions\/5291"}],"wp:featuredmedia":[{"embeddable":true,"href":"https:\/\/precrisa.ca\/en\/wp-json\/wp\/v2\/media\/5290"}],"wp:attachment":[{"href":"https:\/\/precrisa.ca\/en\/wp-json\/wp\/v2\/media?parent=5288"}],"wp:term":[{"taxonomy":"category","embeddable":true,"href":"https:\/\/precrisa.ca\/en\/wp-json\/wp\/v2\/categories?post=5288"},{"taxonomy":"post_tag","embeddable":true,"href":"https:\/\/precrisa.ca\/en\/wp-json\/wp\/v2\/tags?post=5288"}],"curies":[{"name":"wp","href":"https:\/\/api.w.org\/{rel}","templated":true}]}}