{"id":4954,"date":"2025-11-26T13:39:02","date_gmt":"2025-11-26T17:39:02","guid":{"rendered":"https:\/\/precrisa.ca\/?p=4954"},"modified":"2025-12-05T13:44:02","modified_gmt":"2025-12-05T17:44:02","slug":"conference-activites-industrielles-et-sante-publique-enjeux-intersectoriels","status":"publish","type":"post","link":"https:\/\/precrisa.ca\/en\/nouvelles\/conference-activites-industrielles-et-sante-publique-enjeux-intersectoriels\/","title":{"rendered":"Conf\u00e9rence \u2013 Activit\u00e9s industrielles et sant\u00e9 publique : enjeux intersectoriels, engagement citoyen et nouvelles approches pour transformer nos collectivit\u00e9s\u00a0"},"content":{"rendered":"<p>L\u2019Universit\u00e9 Laval invite les&nbsp;chercheur\u00b7e\u00b7s&nbsp;et&nbsp;\u00e9tudiant\u00b7e\u00b7s&nbsp;\u00e0 participer \u00e0 une conf\u00e9rence hybride (en pr\u00e9sentiel au pavillon Ferdinand-Vandry&nbsp;ou en ligne) sur&nbsp;les liens entre les activit\u00e9s industrielles et la sant\u00e9 publique, en&nbsp;abordant&nbsp;les enjeux intersectoriels, l\u2019engagement citoyen et de nouvelles approches pour transformer nos collectivit\u00e9s.&nbsp;<\/p>\n\n\n\n<p>Cette conf\u00e9rence sera pr\u00e9sent\u00e9e par&nbsp;Daniel Proulx, philosophe et expert en sant\u00e9 environnementale, directeur de l\u2019Observatoire national sur les incidences des \u00e9missions de contaminants sur la sant\u00e9 et l\u2019environnement (ONICSE) et membre du r\u00e9seau Pr\u00e9crisa.&nbsp;&nbsp;<\/p>\n\n\n\n<p><strong>D\u00e9tails de l\u2019\u00e9v\u00e9nement<\/strong><strong><em>&nbsp;<\/em><\/strong><\/p>\n\n\n\n<ul class=\"wp-block-list\">\n<li>Date :&nbsp;26 novembre 2025&nbsp;<\/li>\n\n\n\n<li>Heure :&nbsp;17 h&nbsp;<\/li>\n\n\n\n<li>Lieu :&nbsp;Pavillon Ferdinand-Vandry&nbsp;<\/li>\n\n\n\n<li>Format :&nbsp;Hybride&nbsp;<\/li>\n<\/ul>\n\n\n\n<p><strong>Inscription<\/strong><strong><em>&nbsp;<\/em><\/strong><\/p>\n\n\n\n<p>Ne manquez pas cet \u00e9v\u00e9nement ! Inscrivez-vous gratuitement en remplissant le formulaire suivant: <a href=\"https:\/\/forms.office.com\/pages\/responsepage.aspx?id=1Yt3Vj9q00uiZZMWPk1b_tEiVsgY7wtEpWZJfpBxNSFUMU80OEVIN1A2MFNWUDA2QkpZOU9UUUQ3WS4u&amp;route=shorturl\" target=\"_blank\" rel=\"noreferrer noopener\">forms.office.com\/pages\/responsepage.aspx?id=1Yt3Vj9q00uiZZMWPk1b_tEiVsgY7wtEpWZJfpBxNSFUMU80OEVIN1A2MFNWUDA2QkpZOU9UUUQ3WS4u<\/a>\u00a0<\/p>\n\n\n\n<p><strong>Pour plus de d\u00e9tails sur la conf\u00e9rence<\/strong>\u202f:&nbsp;<a href=\"https:\/\/www.fmed.ulaval.ca\/faculte-et-reseau\/services-et-ressources\/pedagogia\/activites-de-formation\/detail-dune-formation\/conference-activites-industrielles-et-sante-publique-enjeux-intersectoriels-engagement-citoyen-et-nouvelles-approches-pour-changer-nos-collectivites\" target=\"_blank\" rel=\"noreferrer noopener\">Activit\u00e9s de formation &#8211; D\u00e9tail d&#8217;une formation | Facult\u00e9 de m\u00e9decine |&nbsp;ULaval<\/a>&nbsp;<\/p>\n\n\n\n<p><strong>\u00c0 propos de Daniel Proulx\u202f<\/strong>:\u00a0<a href=\"https:\/\/onicse.uqat.ca\/actualites\/directeur-daniel-proulx\" target=\"_blank\" rel=\"noreferrer noopener\">onicse.uqat.ca\/actualites\/directeur-daniel-proulx<\/a>\u00a0<\/p>","protected":false},"excerpt":{"rendered":"<p>L\u2019Universit\u00e9 Laval invite les\u00a0chercheur\u00b7e\u00b7s\u00a0et\u00a0\u00e9tudiant\u00b7e\u00b7s\u00a0\u00e0 participer \u00e0 une conf\u00e9rence hybride (en pr\u00e9sentiel au pavillon Ferdinand-Vandry\u00a0ou en ligne) sur\u00a0les liens entre les activit\u00e9s industrielles et la sant\u00e9 publique, en\u00a0abordant\u00a0les enjeux intersectoriels, l\u2019engagement citoyen et de nouvelles approches pour transformer nos collectivit\u00e9s.\u00a0<\/p>","protected":false},"author":1,"featured_media":4956,"comment_status":"closed","ping_status":"closed","sticky":false,"template":"","format":"standard","meta":{"_seopress_robots_primary_cat":"none","_seopress_titles_title":"","_seopress_titles_desc":"","_seopress_robots_index":"","_et_pb_use_builder":"off","_et_pb_old_content":"","_et_gb_content_width":"","_jetpack_memberships_contains_paid_content":false,"footnotes":""},"categories":[2],"tags":[],"class_list":["post-4954","post","type-post","status-publish","format-standard","has-post-thumbnail","hentry","category-general"],"jetpack_featured_media_url":"https:\/\/precrisa.ca\/wp-content\/uploads\/2025\/12\/Conference-Activites-industrielles.jpg","jetpack_sharing_enabled":true,"_links":{"self":[{"href":"https:\/\/precrisa.ca\/en\/wp-json\/wp\/v2\/posts\/4954","targetHints":{"allow":["GET"]}}],"collection":[{"href":"https:\/\/precrisa.ca\/en\/wp-json\/wp\/v2\/posts"}],"about":[{"href":"https:\/\/precrisa.ca\/en\/wp-json\/wp\/v2\/types\/post"}],"author":[{"embeddable":true,"href":"https:\/\/precrisa.ca\/en\/wp-json\/wp\/v2\/users\/1"}],"replies":[{"embeddable":true,"href":"https:\/\/precrisa.ca\/en\/wp-json\/wp\/v2\/comments?post=4954"}],"version-history":[{"count":4,"href":"https:\/\/precrisa.ca\/en\/wp-json\/wp\/v2\/posts\/4954\/revisions"}],"predecessor-version":[{"id":4960,"href":"https:\/\/precrisa.ca\/en\/wp-json\/wp\/v2\/posts\/4954\/revisions\/4960"}],"wp:featuredmedia":[{"embeddable":true,"href":"https:\/\/precrisa.ca\/en\/wp-json\/wp\/v2\/media\/4956"}],"wp:attachment":[{"href":"https:\/\/precrisa.ca\/en\/wp-json\/wp\/v2\/media?parent=4954"}],"wp:term":[{"taxonomy":"category","embeddable":true,"href":"https:\/\/precrisa.ca\/en\/wp-json\/wp\/v2\/categories?post=4954"},{"taxonomy":"post_tag","embeddable":true,"href":"https:\/\/precrisa.ca\/en\/wp-json\/wp\/v2\/tags?post=4954"}],"curies":[{"name":"wp","href":"https:\/\/api.w.org\/{rel}","templated":true}]}}