{"id":4950,"date":"2025-12-02T13:35:20","date_gmt":"2025-12-02T17:35:20","guid":{"rendered":"https:\/\/precrisa.ca\/?p=4950"},"modified":"2025-12-05T13:37:22","modified_gmt":"2025-12-05T17:37:22","slug":"donnez-votre-avis-sondage-de-laspc-pour-lelaboration-dune-boite-a-outils-sur-les-considerations-de-sante-publique-relatives-aux-evacuations-en-cas-durgence-climatique","status":"publish","type":"post","link":"https:\/\/precrisa.ca\/en\/nouvelles\/donnez-votre-avis-sondage-de-laspc-pour-lelaboration-dune-boite-a-outils-sur-les-considerations-de-sante-publique-relatives-aux-evacuations-en-cas-durgence-climatique\/","title":{"rendered":"DONNEZ VOTRE AVIS ! Sondage de l\u2019ASPC pour l&#8217;\u00e9laboration d&#8217;une bo\u00eete \u00e0 outils sur les consid\u00e9rations de sant\u00e9 publique relatives aux \u00e9vacuations en cas d&#8217;urgence climatique"},"content":{"rendered":"<p>Le Centre sur les changements climatiques et la sant\u00e9 publique de l\u2019Agence de la sant\u00e9 publique du Canada (ASPC) invite les personnes et organisations ayant une exp\u00e9rience ou une expertise en mati\u00e8re d\u2019\u00e9vacuations \u00e0 participer \u00e0 un sondage en ligne d\u2019environ 20 \u00e0 30 minutes. Cette d\u00e9marche vise \u00e0 \u00e9laborer une bo\u00eete \u00e0 outils portant sur les consid\u00e9rations de sant\u00e9 publique relatives aux \u00e9vacuations en cas d\u2019urgence climatique.<\/p>\n\n\n\n<p>Pens\u00e9e pour soutenir les d\u00e9cideurs et intervenants engag\u00e9s dans la pr\u00e9paration, la r\u00e9ponse et le r\u00e9tablissement face aux urgences climatiques, cette bo\u00eete \u00e0 outils offrira des rep\u00e8res pratiques et des pistes de r\u00e9flexion essentielles. Sans se vouloir normative, elle permettra de mieux anticiper les besoins des populations et de renforcer la r\u00e9silience des communaut\u00e9s touch\u00e9es.<\/p>\n\n\n\n<p>Le sondage est ouvert jusqu\u2019au&nbsp;<strong>7 janvier 2026<\/strong>.<\/p>\n\n\n\n<p>Le Pr\u00e9crisa encourage vivement ses membres et partenaires \u00e0 participer \u00e0 cette initiative et \u00e0 en diffuser l\u2019information au sein de leurs r\u00e9seaux. Les \u00e9vacuations en contexte d\u2019urgence climatique repr\u00e9sentent un enjeu transversal, o\u00f9 se croisent sant\u00e9 publique, gestion des risques, communication de crise, \u00e9quit\u00e9 sociale et s\u00e9curit\u00e9 des populations. En partageant votre expertise, vous contribuez directement \u00e0 l\u2019am\u00e9lioration des pratiques de sant\u00e9 publique face aux urgences climatiques.<\/p>\n\n\n\n<p><strong>Lien du sondage\u00a0<\/strong>:\u00a0<a href=\"https:\/\/phac.qualtrics.com\/jfe\/form\/SV_aaumXhyKiRVqxXo\" target=\"_blank\" rel=\"noreferrer noopener\">phac.qualtrics.com\/jfe\/form\/SV_aaumXhyKiRVqxXo<\/a><\/p>","protected":false},"excerpt":{"rendered":"<p>Le Centre sur les changements climatiques et la sant\u00e9 publique de l\u2019Agence de la sant\u00e9 publique du Canada (ASPC) invite les personnes et organisations ayant une exp\u00e9rience ou une expertise en mati\u00e8re d\u2019\u00e9vacuations \u00e0 participer \u00e0 un sondage en ligne d\u2019environ 20 \u00e0 30 minutes. Cette d\u00e9marche vise \u00e0 \u00e9laborer une bo\u00eete \u00e0 outils portant sur les consid\u00e9rations de sant\u00e9 publique relatives aux \u00e9vacuations en cas d\u2019urgence climatique.<\/p>","protected":false},"author":1,"featured_media":4952,"comment_status":"closed","ping_status":"closed","sticky":false,"template":"","format":"standard","meta":{"_seopress_robots_primary_cat":"none","_seopress_titles_title":"","_seopress_titles_desc":"","_seopress_robots_index":"","_et_pb_use_builder":"off","_et_pb_old_content":"","_et_gb_content_width":"","_jetpack_memberships_contains_paid_content":false,"footnotes":""},"categories":[2],"tags":[],"class_list":["post-4950","post","type-post","status-publish","format-standard","has-post-thumbnail","hentry","category-general"],"jetpack_featured_media_url":"https:\/\/precrisa.ca\/wp-content\/uploads\/2025\/12\/ASPC-DONNEZ-VOTRE-AVIS.jpg","jetpack_sharing_enabled":true,"_links":{"self":[{"href":"https:\/\/precrisa.ca\/en\/wp-json\/wp\/v2\/posts\/4950","targetHints":{"allow":["GET"]}}],"collection":[{"href":"https:\/\/precrisa.ca\/en\/wp-json\/wp\/v2\/posts"}],"about":[{"href":"https:\/\/precrisa.ca\/en\/wp-json\/wp\/v2\/types\/post"}],"author":[{"embeddable":true,"href":"https:\/\/precrisa.ca\/en\/wp-json\/wp\/v2\/users\/1"}],"replies":[{"embeddable":true,"href":"https:\/\/precrisa.ca\/en\/wp-json\/wp\/v2\/comments?post=4950"}],"version-history":[{"count":1,"href":"https:\/\/precrisa.ca\/en\/wp-json\/wp\/v2\/posts\/4950\/revisions"}],"predecessor-version":[{"id":4953,"href":"https:\/\/precrisa.ca\/en\/wp-json\/wp\/v2\/posts\/4950\/revisions\/4953"}],"wp:featuredmedia":[{"embeddable":true,"href":"https:\/\/precrisa.ca\/en\/wp-json\/wp\/v2\/media\/4952"}],"wp:attachment":[{"href":"https:\/\/precrisa.ca\/en\/wp-json\/wp\/v2\/media?parent=4950"}],"wp:term":[{"taxonomy":"category","embeddable":true,"href":"https:\/\/precrisa.ca\/en\/wp-json\/wp\/v2\/categories?post=4950"},{"taxonomy":"post_tag","embeddable":true,"href":"https:\/\/precrisa.ca\/en\/wp-json\/wp\/v2\/tags?post=4950"}],"curies":[{"name":"wp","href":"https:\/\/api.w.org\/{rel}","templated":true}]}}