{"id":4923,"date":"2025-11-20T15:45:59","date_gmt":"2025-11-20T19:45:59","guid":{"rendered":"https:\/\/precrisa.ca\/?p=4923"},"modified":"2025-11-20T15:48:56","modified_gmt":"2025-11-20T19:48:56","slug":"11e-forum-du-frq-la-science-en-temps-de-crise","status":"publish","type":"post","link":"https:\/\/precrisa.ca\/en\/nouvelles\/11e-forum-du-frq-la-science-en-temps-de-crise\/","title":{"rendered":"11\u1d49\u00a0Forum du FRQ \u2013 La science en temps de crise"},"content":{"rendered":"<p>Le 4 d\u00e9cembre 2025, le Fonds de recherche du Qu\u00e9bec (FRQ), en collaboration avec le Palais des congr\u00e8s de Montr\u00e9al, tiendra la 11\u1d49\u00e9dition de son Forum annuel sous le th\u00e8me&nbsp;<strong>\u00ab La science en temps de crise \u00bb<\/strong>.<\/p>\n\n\n\n<p>Dans un contexte mondial marqu\u00e9 par les bouleversements climatiques, les crises sanitaires, les cybermenaces et les tensions g\u00e9opolitiques, ce Forum propose une r\u00e9flexion sur le r\u00f4le fondamental de la science en p\u00e9riode d\u2019incertitude. Comment pr\u00e9server la libert\u00e9 acad\u00e9mique, maintenir la confiance du public et garantir que l\u2019expertise scientifique continue d\u2019\u00e9clairer les d\u00e9cisions collectives ?<\/p>\n\n\n\n<p>Des experts et des acteurs du milieu scientifique seront r\u00e9unis pour discuter des d\u00e9fis actuels auxquels la recherche est confront\u00e9e, tout en explorant des pistes de solutions pour favoriser une science r\u00e9siliente, pertinente et engag\u00e9e.<\/p>\n\n\n\n<p>Parmi les th\u00e9matiques abord\u00e9es :<\/p>\n\n\n\n<ul class=\"wp-block-list\">\n<li>La place de la science en temps de crise\u00a0;<\/li>\n\n\n\n<li>La libert\u00e9 acad\u00e9mique et l\u2019autonomie de la recherche ;<\/li>\n\n\n\n<li>Les impacts des politiques am\u00e9ricaines sur les collaborations scientifiques au Qu\u00e9bec ;<\/li>\n\n\n\n<li>Les strat\u00e9gies pour d\u00e9fendre et promouvoir la science.<\/li>\n<\/ul>\n\n\n\n<p><strong>D\u00e9tails de l\u2019\u00e9v\u00e9nement<\/strong><\/p>\n\n\n\n<ul class=\"wp-block-list\">\n<li><strong>Date<\/strong>\u00a0: 4 d\u00e9cembre 2025<\/li>\n\n\n\n<li><strong>Heure<\/strong>\u00a0: 13 h \u00e0 16 h<\/li>\n\n\n\n<li><strong>Lieu<\/strong>\u00a0: Palais des congr\u00e8s de Montr\u00e9al (salle 524) et en ligne<\/li>\n\n\n\n<li><strong>Format :\u00a0<\/strong>Hybride<\/li>\n<\/ul>\n\n\n\n<p>Le th\u00e8me de ce 11<sup>e<\/sup>&nbsp;Forum est au c\u0153ur de la mission du Pr\u00e9crisa, qui salue cette initiative. Les \u00e9changes pr\u00e9vus lors de cet \u00e9v\u00e9nement s\u2019inscrivent pleinement dans nos travaux de recherche d\u00e9di\u00e9s \u00e0 la pr\u00e9vention et \u00e0 la pr\u00e9paration de futures crises affectant la sant\u00e9 ainsi qu\u2019au renforcement de la capacit\u00e9 des syst\u00e8mes de sant\u00e9, des individus et des collectivit\u00e9s \u00e0 y faire face.<\/p>\n\n\n\n<p><strong>Inscrivez-vous d\u00e8s maintenant !<\/strong><\/p>\n\n\n\n<ul class=\"wp-block-list\">\n<li>Inscription en pr\u00e9sence :\u00a0<a href=\"https:\/\/com.frq.gouv.qc.ca\/T\/WF\/33037\/FGmiiq\/Register\/fr-CA\/Form.ofsys\" target=\"_blank\" rel=\"noreferrer noopener\">https:\/\/com.frq.gouv.qc.ca\/T\/WF\/33037\/FGmiiq\/Register\/fr-CA\/Form.ofsys<\/a><\/li>\n\n\n\n<li>Inscription en virtuel :\u00a0<a href=\"https:\/\/com.frq.gouv.qc.ca\/T\/WF\/33038\/xy8CKc\/Register\/fr-CA\" target=\"_blank\" rel=\"noreferrer noopener\">https:\/\/com.frq.gouv.qc.ca\/T\/WF\/33038\/xy8CKc\/Register\/fr-CA<\/a><\/li>\n<\/ul>\n\n\n\n<p>Plus d\u2019informations :\u00a0\u00a0<a href=\"https:\/\/frq.gouv.qc.ca\/evenement\/11e-forum-du-frq-la-science-en-temps-de-crise\/\" target=\"_blank\" rel=\"noreferrer noopener\">https:\/\/frq.gouv.qc.ca\/evenement\/11e-forum-du-frq-la-science-en-temps-de-crise\/<\/a><\/p>","protected":false},"excerpt":{"rendered":"<p>Le 4 d\u00e9cembre 2025, le Fonds de recherche du Qu\u00e9bec (FRQ), en collaboration avec le Palais des congr\u00e8s de Montr\u00e9al, tiendra la 11\u1d49\u00e9dition de son Forum annuel sous le th\u00e8me\u00a0\u00abLa science en temps de crise\u00bb.<\/p>","protected":false},"author":1,"featured_media":4925,"comment_status":"closed","ping_status":"closed","sticky":false,"template":"","format":"standard","meta":{"_seopress_robots_primary_cat":"none","_seopress_titles_title":"","_seopress_titles_desc":"","_seopress_robots_index":"","_et_pb_use_builder":"off","_et_pb_old_content":"","_et_gb_content_width":"","_jetpack_memberships_contains_paid_content":false,"footnotes":""},"categories":[2],"tags":[],"class_list":["post-4923","post","type-post","status-publish","format-standard","has-post-thumbnail","hentry","category-general"],"jetpack_featured_media_url":"https:\/\/precrisa.ca\/wp-content\/uploads\/2025\/11\/Forum-FRQ-Banniere.jpg","jetpack_sharing_enabled":true,"_links":{"self":[{"href":"https:\/\/precrisa.ca\/en\/wp-json\/wp\/v2\/posts\/4923","targetHints":{"allow":["GET"]}}],"collection":[{"href":"https:\/\/precrisa.ca\/en\/wp-json\/wp\/v2\/posts"}],"about":[{"href":"https:\/\/precrisa.ca\/en\/wp-json\/wp\/v2\/types\/post"}],"author":[{"embeddable":true,"href":"https:\/\/precrisa.ca\/en\/wp-json\/wp\/v2\/users\/1"}],"replies":[{"embeddable":true,"href":"https:\/\/precrisa.ca\/en\/wp-json\/wp\/v2\/comments?post=4923"}],"version-history":[{"count":3,"href":"https:\/\/precrisa.ca\/en\/wp-json\/wp\/v2\/posts\/4923\/revisions"}],"predecessor-version":[{"id":4930,"href":"https:\/\/precrisa.ca\/en\/wp-json\/wp\/v2\/posts\/4923\/revisions\/4930"}],"wp:featuredmedia":[{"embeddable":true,"href":"https:\/\/precrisa.ca\/en\/wp-json\/wp\/v2\/media\/4925"}],"wp:attachment":[{"href":"https:\/\/precrisa.ca\/en\/wp-json\/wp\/v2\/media?parent=4923"}],"wp:term":[{"taxonomy":"category","embeddable":true,"href":"https:\/\/precrisa.ca\/en\/wp-json\/wp\/v2\/categories?post=4923"},{"taxonomy":"post_tag","embeddable":true,"href":"https:\/\/precrisa.ca\/en\/wp-json\/wp\/v2\/tags?post=4923"}],"curies":[{"name":"wp","href":"https:\/\/api.w.org\/{rel}","templated":true}]}}