{"id":4918,"date":"2025-11-19T17:15:10","date_gmt":"2025-11-19T21:15:10","guid":{"rendered":"https:\/\/precrisa.ca\/?p=4918"},"modified":"2025-11-19T17:15:12","modified_gmt":"2025-11-19T21:15:12","slug":"la-semaine-verte-consacre-un-reportage-a-la-grippe-aviaire-et-a-la-mobilisation-des-agriculteurs-quebecois","status":"publish","type":"post","link":"https:\/\/precrisa.ca\/en\/nouvelles\/la-semaine-verte-consacre-un-reportage-a-la-grippe-aviaire-et-a-la-mobilisation-des-agriculteurs-quebecois\/","title":{"rendered":"La Semaine verte\u00a0consacre un reportage \u00e0 la grippe aviaire et \u00e0 la mobilisation des agriculteurs qu\u00e9b\u00e9cois"},"content":{"rendered":"<p>L\u2019\u00e9mission&nbsp;<em>La Semaine verte<\/em>&nbsp;du 15 novembre 2025 propose un reportage approfondi sur la grippe aviaire, dressant un portrait de la situation tant au Canada qu\u2019\u00e0 l\u2019international. De la Colombie-Britannique, province la plus touch\u00e9e, \u00e0 la France, o\u00f9 la vaccination de masse a \u00e9t\u00e9 privil\u00e9gi\u00e9e, en passant par le Qu\u00e9bec, l\u2019\u00e9quipe de Radio-Canada met en lumi\u00e8re les diff\u00e9rentes strat\u00e9gies d\u00e9ploy\u00e9es pour contrer la propagation du virus.<\/p>\n\n\n\n<p>Au Qu\u00e9bec, le reportage souligne l\u2019importance de la collaboration entre agriculteurs et scientifiques. Ces efforts conjoints permettent de d\u00e9velopper de nouvelles approches de pr\u00e9vention et de surveillance, essentielles pour prot\u00e9ger le secteur agricole et limiter les risques de pand\u00e9mie.<\/p>\n\n\n\n<p>Le R\u00e9seau Pr\u00e9crisa est fier de la participation de sa directrice, Lily Lessard, qui pr\u00e9sente le projet de cohorte Une seule sant\u00e9. Cette initiative d\u00e9ploy\u00e9e pour rep\u00e9rer rapidement les cas d\u2019infection au H5N1 renforce la pr\u00e9paration et la r\u00e9silience du milieu agricole face \u00e0 un virus en constante \u00e9volution. D\u2019autres membres ont aussi particip\u00e9 \u00e0 l\u2019\u00e9mission : Drs Jean-Pierre Vaillancourt, Manon Racicot et Isabelle Meunier.<\/p>\n\n\n\n<p><em>La Semaine verte<\/em>, anim\u00e9e par Catherine Mercier et produite \u00e0 Qu\u00e9bec, est un magazine t\u00e9l\u00e9vis\u00e9 hebdomadaire de Radio-Canada qui explore depuis plus de 50 ans les enjeux agricoles, alimentaires et environnementaux, ainsi que les transformations du monde rural et les liens essentiels entre communaut\u00e9s humaines et nature.<\/p>\n\n\n\n<p>Pour visionner l&#8217;\u00e9pisode complet :\u00a0<a href=\"https:\/\/ici.radio-canada.ca\/tele\/la-semaine-verte\/site\/episodes\/1126741\/apprendre-a-vivre-avec-la-grippe-aviaire\" target=\"_blank\" rel=\"noreferrer noopener\">ici.radio-canada.ca\/tele\/la-semaine-verte\/site\/episodes\/1126741\/apprendre-a-vivre-avec-la-grippe-aviaire<\/a><\/p>\n\n\n\n<p>Pour lire l&#8217;article :\u00a0<a href=\"https:\/\/ici.radio-canada.ca\/info\/long-format\/2203477\/grippe-aviaire-vaccination-depistage?partageApp=appInfoiOS&amp;accesVia=partage\" target=\"_blank\" rel=\"noreferrer noopener\">ici.radio-canada.ca\/info\/long-format\/2203477\/grippe-aviaire-vaccination-depistage<\/a><\/p>","protected":false},"excerpt":{"rendered":"<p>L\u2019\u00e9mission\u00a0La Semaine verte\u00a0du 15 novembre 2025 propose un reportage approfondi sur la grippe aviaire, dressant un portrait de la situation tant au Canada qu\u2019\u00e0 l\u2019international. De la Colombie-Britannique, province la plus touch\u00e9e, \u00e0 la France, o\u00f9 la vaccination de masse a \u00e9t\u00e9 privil\u00e9gi\u00e9e, en passant par le Qu\u00e9bec, l\u2019\u00e9quipe de Radio-Canada met en lumi\u00e8re les diff\u00e9rentes strat\u00e9gies d\u00e9ploy\u00e9es pour contrer la propagation du virus.<\/p>","protected":false},"author":1,"featured_media":4920,"comment_status":"closed","ping_status":"closed","sticky":false,"template":"","format":"standard","meta":{"_seopress_robots_primary_cat":"none","_seopress_titles_title":"","_seopress_titles_desc":"","_seopress_robots_index":"","_et_pb_use_builder":"off","_et_pb_old_content":"","_et_gb_content_width":"","_jetpack_memberships_contains_paid_content":false,"footnotes":""},"categories":[2],"tags":[],"class_list":["post-4918","post","type-post","status-publish","format-standard","has-post-thumbnail","hentry","category-general"],"jetpack_featured_media_url":"https:\/\/precrisa.ca\/wp-content\/uploads\/2025\/11\/lasemaineverte.jpg","jetpack_sharing_enabled":true,"_links":{"self":[{"href":"https:\/\/precrisa.ca\/en\/wp-json\/wp\/v2\/posts\/4918","targetHints":{"allow":["GET"]}}],"collection":[{"href":"https:\/\/precrisa.ca\/en\/wp-json\/wp\/v2\/posts"}],"about":[{"href":"https:\/\/precrisa.ca\/en\/wp-json\/wp\/v2\/types\/post"}],"author":[{"embeddable":true,"href":"https:\/\/precrisa.ca\/en\/wp-json\/wp\/v2\/users\/1"}],"replies":[{"embeddable":true,"href":"https:\/\/precrisa.ca\/en\/wp-json\/wp\/v2\/comments?post=4918"}],"version-history":[{"count":1,"href":"https:\/\/precrisa.ca\/en\/wp-json\/wp\/v2\/posts\/4918\/revisions"}],"predecessor-version":[{"id":4921,"href":"https:\/\/precrisa.ca\/en\/wp-json\/wp\/v2\/posts\/4918\/revisions\/4921"}],"wp:featuredmedia":[{"embeddable":true,"href":"https:\/\/precrisa.ca\/en\/wp-json\/wp\/v2\/media\/4920"}],"wp:attachment":[{"href":"https:\/\/precrisa.ca\/en\/wp-json\/wp\/v2\/media?parent=4918"}],"wp:term":[{"taxonomy":"category","embeddable":true,"href":"https:\/\/precrisa.ca\/en\/wp-json\/wp\/v2\/categories?post=4918"},{"taxonomy":"post_tag","embeddable":true,"href":"https:\/\/precrisa.ca\/en\/wp-json\/wp\/v2\/tags?post=4918"}],"curies":[{"name":"wp","href":"https:\/\/api.w.org\/{rel}","templated":true}]}}