{"id":4761,"date":"2025-10-23T15:34:02","date_gmt":"2025-10-23T19:34:02","guid":{"rendered":"https:\/\/precrisa.ca\/?p=4761"},"modified":"2025-10-23T15:34:04","modified_gmt":"2025-10-23T19:34:04","slug":"une-reflexion-collective-sur-la-coproduction-des-services-publics-retour-sur-lecole-dautomne-a-lenap","status":"publish","type":"post","link":"https:\/\/precrisa.ca\/en\/nouvelles\/une-reflexion-collective-sur-la-coproduction-des-services-publics-retour-sur-lecole-dautomne-a-lenap\/","title":{"rendered":"Une r\u00e9flexion collective sur la coproduction des services publics : retour sur l\u2019\u00c9cole d\u2019automne \u00e0 l\u2019ENAP"},"content":{"rendered":"<p>Du 20 au 24 octobre 2025, l\u2019\u00c9cole nationale d\u2019administration publique (ENAP) a accueilli l\u2019\u00c9cole d\u2019automne sur la coproduction des services publics. Cet \u00e9v\u00e9nement a r\u00e9uni plus de 140 participants, dont une quinzaine de membres du Pr\u00e9crisa, autour d\u2019un objectif commun : repenser la gouvernance publique \u00e0 travers une approche collaborative et inclusive.<\/p>\n\n\n\n<p>Organis\u00e9e par Audrey L\u2019Esp\u00e9rance et Marie-Christine Therrien, directrices respectives de l\u2019axe&nbsp;<em>Confiance, savoirs et engagement<\/em>, et de l\u2019axe&nbsp;<em>Gouvernance et collaboration<\/em>&nbsp;du Pr\u00e9crisa, cette \u00c9cole d\u2019automne a permis de croiser les perspectives de conf\u00e9renciers internationaux, de chercheurs, d\u2019ex-\u00e9lues politiques, d\u2019organismes \u00e0 but non lucratif, de citoyens engag\u00e9s et d\u2019acteurs institutionnels.<\/p>\n\n\n\n<p>Les participants ont explor\u00e9 les multiples facettes de la coproduction&nbsp;: son int\u00e9gration dans les politiques publiques, ses d\u00e9fis, ses conditions gagnantes aux niveaux individuel, organisationnel et soci\u00e9tal, ses m\u00e9thodes d\u2019\u00e9valuation, et son r\u00f4le crucial en p\u00e9riode de crise. Ces \u00e9changes ont mis en lumi\u00e8re l\u2019importance de faire collaborer citoyens, patients, chercheurs, d\u00e9cideurs et professionnels dans les processus d\u00e9cisionnels, notamment pour am\u00e9liorer la gestion des crises sanitaires.<\/p>\n\n\n\n<p>Comme soulign\u00e9 :&nbsp;<strong><em>\u00ab&nbsp;La coproduction est un levier essentiel dans la gestion de crise pour de meilleurs r\u00e9sultats.&nbsp;\u00bb<\/em><\/strong>&nbsp;Ce constat renforce la pertinence de l\u2019\u00e9v\u00e9nement dans un contexte o\u00f9 les services publics doivent s\u2019adapter aux d\u00e9fis contemporains en misant sur l\u2019intelligence collective.<\/p>\n\n\n\n<p>Le R\u00e9seau Pr\u00e9crisa tient \u00e0 remercier chaleureusement l\u2019ENAP pour son accueil, ainsi que l\u2019\u00e9quipe organisatrice et tous les partenaires pour cette semaine engageante, nourrie par des \u00e9changes sinc\u00e8res et des apprentissages concrets.<\/p>","protected":false},"excerpt":{"rendered":"<p>Du 20 au 24 octobre 2025, l\u2019\u00c9cole nationale d\u2019administration publique (ENAP) a accueilli l\u2019\u00c9cole d\u2019automne sur la coproduction des services publics. Cet \u00e9v\u00e9nement a r\u00e9uni plus de 140 participants, dont une quinzaine de membres du Pr\u00e9crisa, autour d\u2019un objectif commun : repenser la gouvernance publique \u00e0 travers une approche collaborative et inclusive.<\/p>","protected":false},"author":1,"featured_media":4763,"comment_status":"closed","ping_status":"closed","sticky":false,"template":"","format":"standard","meta":{"_seopress_robots_primary_cat":"none","_seopress_titles_title":"","_seopress_titles_desc":"","_seopress_robots_index":"","_et_pb_use_builder":"off","_et_pb_old_content":"","_et_gb_content_width":"","_jetpack_memberships_contains_paid_content":false,"footnotes":""},"categories":[2],"tags":[],"class_list":["post-4761","post","type-post","status-publish","format-standard","has-post-thumbnail","hentry","category-general"],"jetpack_featured_media_url":"https:\/\/precrisa.ca\/wp-content\/uploads\/2025\/10\/Ecole-dautomne-a-lENAP.jpg","jetpack_sharing_enabled":true,"_links":{"self":[{"href":"https:\/\/precrisa.ca\/en\/wp-json\/wp\/v2\/posts\/4761","targetHints":{"allow":["GET"]}}],"collection":[{"href":"https:\/\/precrisa.ca\/en\/wp-json\/wp\/v2\/posts"}],"about":[{"href":"https:\/\/precrisa.ca\/en\/wp-json\/wp\/v2\/types\/post"}],"author":[{"embeddable":true,"href":"https:\/\/precrisa.ca\/en\/wp-json\/wp\/v2\/users\/1"}],"replies":[{"embeddable":true,"href":"https:\/\/precrisa.ca\/en\/wp-json\/wp\/v2\/comments?post=4761"}],"version-history":[{"count":1,"href":"https:\/\/precrisa.ca\/en\/wp-json\/wp\/v2\/posts\/4761\/revisions"}],"predecessor-version":[{"id":4764,"href":"https:\/\/precrisa.ca\/en\/wp-json\/wp\/v2\/posts\/4761\/revisions\/4764"}],"wp:featuredmedia":[{"embeddable":true,"href":"https:\/\/precrisa.ca\/en\/wp-json\/wp\/v2\/media\/4763"}],"wp:attachment":[{"href":"https:\/\/precrisa.ca\/en\/wp-json\/wp\/v2\/media?parent=4761"}],"wp:term":[{"taxonomy":"category","embeddable":true,"href":"https:\/\/precrisa.ca\/en\/wp-json\/wp\/v2\/categories?post=4761"},{"taxonomy":"post_tag","embeddable":true,"href":"https:\/\/precrisa.ca\/en\/wp-json\/wp\/v2\/tags?post=4761"}],"curies":[{"name":"wp","href":"https:\/\/api.w.org\/{rel}","templated":true}]}}