{"id":4756,"date":"2025-10-20T08:00:00","date_gmt":"2025-10-20T12:00:00","guid":{"rendered":"https:\/\/precrisa.ca\/?p=4756"},"modified":"2025-10-19T23:01:24","modified_gmt":"2025-10-20T03:01:24","slug":"annonce-conjointe-lancement-de-la-revue-scientifique-courants-croises","status":"publish","type":"post","link":"https:\/\/precrisa.ca\/en\/nouvelles\/annonce-conjointe-lancement-de-la-revue-scientifique-courants-croises\/","title":{"rendered":"Annonce conjointe \u2013 Lancement de la revue scientifique\u00a0Courants crois\u00e9s"},"content":{"rendered":"<p>Le Pr\u00e9crisa est heureux de s\u2019associer au R\u00e9seau Inondations InterSectoriel du Qu\u00e9bec (RIISQ), au R\u00e9seau Qu\u00e9bec Maritime (RQM) et au r\u00e9seau Villes R\u00e9gions Monde (VRM) pour annoncer la cr\u00e9ation de la revue scientifique&nbsp;<strong><em>Courants crois\u00e9s : Eau, soci\u00e9t\u00e9, sant\u00e9 et environnement face aux bouleversements climatiques<\/em><\/strong>.<\/p>\n\n\n\n<p>Cette revue fait partie des quatre nouvelles publications scientifiques en fran\u00e7ais soutenues par le Fonds de recherche du Qu\u00e9bec pour les quatre prochaines ann\u00e9es, dans le cadre de son engagement envers une science ouverte, accessible et utile aux collectivit\u00e9s.<\/p>\n\n\n\n<p>Initiative intersectorielle et interr\u00e9seaux,&nbsp;<em>Courants crois\u00e9s<\/em>&nbsp;met l\u2019eau au c\u0153ur des r\u00e9flexions sur les grands enjeux environnementaux et sociaux contemporains. Publi\u00e9e sous forme num\u00e9rique, elle permettra de :<\/p>\n\n\n\n<ul class=\"wp-block-list\">\n<li>Mieux comprendre et prot\u00e9ger les \u00e9cosyst\u00e8mes aquatiques<\/li>\n\n\n\n<li>Reconnecter avec les zones humides et leur biodiversit\u00e9<\/li>\n\n\n\n<li>Imaginer de nouveaux syst\u00e8mes d\u2019approvisionnement et d\u2019agriculture intelligente<\/li>\n\n\n\n<li>D\u00e9velopper des syst\u00e8mes d\u2019alerte<\/li>\n\n\n\n<li>Mettre en lumi\u00e8re les communaut\u00e9s vivant des relations complexes et interd\u00e9pendantes avec l\u2019eau<\/li>\n<\/ul>\n\n\n\n<p>L\u2019\u00e9quipe de co-titulaires de la revue r\u00e9unit :<\/p>\n\n\n\n<ul class=\"wp-block-list\">\n<li>Philippe Gachon, professeur au D\u00e9partement de g\u00e9ographie et directeur g\u00e9n\u00e9ral du RIISQ<\/li>\n\n\n\n<li>Yona J\u00e9brak, Ph.D., directrice du D\u00e9partement d\u2019\u00e9tudes urbaines et touristiques, pour le VRM<\/li>\n\n\n\n<li>Gw\u00e9na\u00eblle Chaillou, professeure \u00e0 l\u2019UQAR, pour le RQM<\/li>\n\n\n\n<li>Lily Lessard, professeure associ\u00e9e au D\u00e9partement de communication sociale et publique, pour le Pr\u00e9crisa<\/li>\n<\/ul>\n\n\n\n<p>Comme le souligne Philippe Gachon, co-titulaire de la revue :<\/p>\n\n\n\n<p>\u00ab Courants crois\u00e9s s\u2019adressera \u00e0 un lectorat universitaire, mais aussi \u00e0 des publics inform\u00e9s et int\u00e9ress\u00e9s gr\u00e2ce \u00e0 des collaborations constantes avec des organismes de vulgarisation scientifique. \u00bb&nbsp;<\/p>\n\n\n\n<p>Le premier num\u00e9ro de la revue est pr\u00e9vu pour le d\u00e9but de l\u2019ann\u00e9e 2027, avec un appel d\u2019articles lanc\u00e9 en mai 2026.<\/p>\n\n\n\n<p>Le Pr\u00e9crisa se joint \u00e0 ses partenaires pour remercier chaleureusement le Fonds de recherche du Qu\u00e9bec pour son soutien financier et son engagement envers une science ouverte, en fran\u00e7ais, au service des collectivit\u00e9s.<\/p>\n\n\n\n<p>Pour en savoir plus\u00a0:\u00a0<a href=\"https:\/\/frq.gouv.qc.ca\/600000-pour-soutenir-ledition-scientifique-en-francais\/\" target=\"_blank\" rel=\"noreferrer noopener\">600\u2009000$ pour soutenir l\u2019\u00e9dition scientifique en fran\u00e7ais &#8211; Fonds de recherche du Qu\u00e9bec &#8211; FRQ<\/a>.<\/p>","protected":false},"excerpt":{"rendered":"<p>Le Pr\u00e9crisa est heureux de s\u2019associer au R\u00e9seau Inondations InterSectoriel du Qu\u00e9bec (RIISQ), au R\u00e9seau Qu\u00e9bec Maritime (RQM) et au r\u00e9seau Villes R\u00e9gions Monde (VRM) pour annoncer la cr\u00e9ation de la revue scientifique\u00a0Courants crois\u00e9s : Eau, soci\u00e9t\u00e9, sant\u00e9 et environnement face aux bouleversements climatiques.<\/p>","protected":false},"author":1,"featured_media":4758,"comment_status":"closed","ping_status":"closed","sticky":false,"template":"","format":"standard","meta":{"_seopress_robots_primary_cat":"none","_seopress_titles_title":"","_seopress_titles_desc":"","_seopress_robots_index":"","_et_pb_use_builder":"off","_et_pb_old_content":"","_et_gb_content_width":"","_jetpack_memberships_contains_paid_content":false,"footnotes":""},"categories":[2],"tags":[],"class_list":["post-4756","post","type-post","status-publish","format-standard","has-post-thumbnail","hentry","category-general"],"jetpack_featured_media_url":"https:\/\/precrisa.ca\/wp-content\/uploads\/2025\/10\/image.png","jetpack_sharing_enabled":true,"_links":{"self":[{"href":"https:\/\/precrisa.ca\/en\/wp-json\/wp\/v2\/posts\/4756","targetHints":{"allow":["GET"]}}],"collection":[{"href":"https:\/\/precrisa.ca\/en\/wp-json\/wp\/v2\/posts"}],"about":[{"href":"https:\/\/precrisa.ca\/en\/wp-json\/wp\/v2\/types\/post"}],"author":[{"embeddable":true,"href":"https:\/\/precrisa.ca\/en\/wp-json\/wp\/v2\/users\/1"}],"replies":[{"embeddable":true,"href":"https:\/\/precrisa.ca\/en\/wp-json\/wp\/v2\/comments?post=4756"}],"version-history":[{"count":1,"href":"https:\/\/precrisa.ca\/en\/wp-json\/wp\/v2\/posts\/4756\/revisions"}],"predecessor-version":[{"id":4759,"href":"https:\/\/precrisa.ca\/en\/wp-json\/wp\/v2\/posts\/4756\/revisions\/4759"}],"wp:featuredmedia":[{"embeddable":true,"href":"https:\/\/precrisa.ca\/en\/wp-json\/wp\/v2\/media\/4758"}],"wp:attachment":[{"href":"https:\/\/precrisa.ca\/en\/wp-json\/wp\/v2\/media?parent=4756"}],"wp:term":[{"taxonomy":"category","embeddable":true,"href":"https:\/\/precrisa.ca\/en\/wp-json\/wp\/v2\/categories?post=4756"},{"taxonomy":"post_tag","embeddable":true,"href":"https:\/\/precrisa.ca\/en\/wp-json\/wp\/v2\/tags?post=4756"}],"curies":[{"name":"wp","href":"https:\/\/api.w.org\/{rel}","templated":true}]}}