{"id":4749,"date":"2025-10-16T13:06:53","date_gmt":"2025-10-16T17:06:53","guid":{"rendered":"https:\/\/precrisa.ca\/?p=4749"},"modified":"2025-10-28T11:41:55","modified_gmt":"2025-10-28T15:41:55","slug":"invitation-a-la-6e-journee-de-recherche-prehospitaliere-9-decembre-2025","status":"publish","type":"post","link":"https:\/\/precrisa.ca\/en\/nouvelles\/invitation-a-la-6e-journee-de-recherche-prehospitaliere-9-decembre-2025\/","title":{"rendered":"Invitation \u00e0 la 6\u1d49\u00a0Journ\u00e9e de recherche pr\u00e9hospitali\u00e8re \u2013 9 d\u00e9cembre 2025"},"content":{"rendered":"<p>Le p\u00f4le de recherche appliqu\u00e9e en parahospitalier d\u2019Urgences-sant\u00e9 convie les param\u00e9dics, r\u00e9partiteurs m\u00e9dicaux d\u2019urgence, chercheurs, professionnels et \u00e9tudiants \u00e0 la 6\u1d49&nbsp;\u00e9dition de la Journ\u00e9e de recherche pr\u00e9hospitali\u00e8re, qui se tiendra en ligne le 9 d\u00e9cembre 2025. Cet \u00e9v\u00e9nement est une occasion unique de d\u00e9couvrir les derni\u00e8res avanc\u00e9es en mati\u00e8re de soins pr\u00e9hospitaliers, d\u2019innovation et de r\u00e9silience du syst\u00e8me de sant\u00e9.<\/p>\n\n\n\n<p><strong>Programmation<\/strong><\/p>\n\n\n\n<p>Parmi les temps forts, le Dr Christian Vaillancourt, chercheur clinicien et sp\u00e9cialiste en m\u00e9decine d\u2019urgence, pr\u00e9sentera une conf\u00e9rence sur l\u2019immobilisation s\u00e9lective du rachis cervical en pr\u00e9hospitalier.<\/p>\n\n\n\n<p>Le Pr\u00e9crisa sera \u00e9galement repr\u00e9sent\u00e9 par le Dr Patrick Archambault et Sophie Boisvert, de l\u2019Axe syst\u00e8mes de sant\u00e9, qui discuteront de la mobilisation d\u2019un syst\u00e8me de sant\u00e9 apprenant pour mieux faire face aux crises sanitaires.<\/p>\n\n\n\n<p>Le programme aborde des enjeux vari\u00e9s et actuels en soins pr\u00e9hospitaliers, allant de l\u2019ECMO et le triage rapide de l\u2019AVC, \u00e0 l\u2019\u00e9valuation des pratiques fond\u00e9es sur les donn\u00e9es probantes pour les h\u00e9morragies traumatiques, tout en explorant les r\u00e9alit\u00e9s sociales telles que la violence envers les param\u00e9dics, les soins aux personnes utilisatrices de substances, et les impacts des changements climatiques sur le personnel en soins pr\u00e9hospitaliers d\u2019urgence.<\/p>\n\n\n\n<p>Pour la programmation compl\u00e8te et les biographies des conf\u00e9renciers, consultez-le&nbsp;<a href=\"https:\/\/www.urgences-sante.qc.ca\/ce-que-nous-faisons\/recherche\/\" target=\"_blank\" rel=\"noreferrer noopener\">site du p\u00f4le de recherche appliqu\u00e9e en parahospitalier d\u2019Urgences-sant\u00e9<\/a>.&nbsp;<\/p>\n\n\n\n<p><strong>D\u00e9tails de l\u2019\u00e9v\u00e9nement<\/strong><\/p>\n\n\n\n<p>Date : 9 d\u00e9cembre 2025<\/p>\n\n\n\n<p>Format : En ligne<\/p>\n\n\n\n<p><strong>Inscription<\/strong><\/p>\n\n\n\n<p>Ne manquez pas cet \u00e9v\u00e9nement&nbsp;! Inscrivez-vous gratuitement en remplissant le formulaire suivant:&nbsp;<a href=\"https:\/\/forms.office.com\/r\/cSJ7kDz022\" target=\"_blank\" rel=\"noreferrer noopener\">https:\/\/forms.office.com\/r\/cSJ7kDz022<\/a><\/p>\n\n\n\n<p><strong>\u00c0 propos du p\u00f4le de recherche appliqu\u00e9e en parahospitalier d\u2019Urgences-sant\u00e9<\/strong><\/p>\n\n\n\n<p>Le p\u00f4le de recherche appliqu\u00e9e en parahospitalier (PRAP) d\u2019Urgences-sant\u00e9 est d\u00e9di\u00e9 \u00e0 l\u2019avancement des connaissances et \u00e0 l\u2019am\u00e9lioration des pratiques en soins pr\u00e9hospitaliers d\u2019urgence (SPU). Soutenu par le minist\u00e8re de la Sant\u00e9 et des Services sociaux, il agit comme un vecteur d\u2019innovation&nbsp;en favorisant la production, la diffusion et l\u2019application de donn\u00e9es probantes en SPU.<\/p>\n\n\n\n<p>Pour plus d\u2019informations&nbsp;:&nbsp;<a href=\"https:\/\/www.urgences-sante.qc.ca\/ce-que-nous-faisons\/recherche\/\" target=\"_blank\" rel=\"noreferrer noopener\">P\u00f4le de recherche appliqu\u00e9e en parahospitalier (PRAP) &#8211; Urgences-sant\u00e9<\/a><\/p>","protected":false},"excerpt":{"rendered":"<p>Le p\u00f4le de recherche appliqu\u00e9e en parahospitalier d\u2019Urgences-sant\u00e9 convie les param\u00e9dics, r\u00e9partiteurs m\u00e9dicaux d\u2019urgence, chercheurs, professionnels et \u00e9tudiants \u00e0 la 6\u1d49\u00a0\u00e9dition de la Journ\u00e9e de recherche pr\u00e9hospitali\u00e8re, qui se tiendra en ligne le 9 d\u00e9cembre 2025. Cet \u00e9v\u00e9nement est une occasion unique de d\u00e9couvrir les derni\u00e8res avanc\u00e9es en mati\u00e8re de soins pr\u00e9hospitaliers, d\u2019innovation et de r\u00e9silience du syst\u00e8me de sant\u00e9.<\/p>","protected":false},"author":1,"featured_media":4769,"comment_status":"closed","ping_status":"closed","sticky":false,"template":"","format":"standard","meta":{"_seopress_robots_primary_cat":"none","_seopress_titles_title":"","_seopress_titles_desc":"","_seopress_robots_index":"","_et_pb_use_builder":"off","_et_pb_old_content":"","_et_gb_content_width":"","_jetpack_memberships_contains_paid_content":false,"footnotes":""},"categories":[2],"tags":[],"class_list":["post-4749","post","type-post","status-publish","format-standard","has-post-thumbnail","hentry","category-general"],"jetpack_featured_media_url":"https:\/\/precrisa.ca\/wp-content\/uploads\/2025\/10\/recherche-prehospitaliere.jpg","jetpack_sharing_enabled":true,"_links":{"self":[{"href":"https:\/\/precrisa.ca\/en\/wp-json\/wp\/v2\/posts\/4749","targetHints":{"allow":["GET"]}}],"collection":[{"href":"https:\/\/precrisa.ca\/en\/wp-json\/wp\/v2\/posts"}],"about":[{"href":"https:\/\/precrisa.ca\/en\/wp-json\/wp\/v2\/types\/post"}],"author":[{"embeddable":true,"href":"https:\/\/precrisa.ca\/en\/wp-json\/wp\/v2\/users\/1"}],"replies":[{"embeddable":true,"href":"https:\/\/precrisa.ca\/en\/wp-json\/wp\/v2\/comments?post=4749"}],"version-history":[{"count":3,"href":"https:\/\/precrisa.ca\/en\/wp-json\/wp\/v2\/posts\/4749\/revisions"}],"predecessor-version":[{"id":4770,"href":"https:\/\/precrisa.ca\/en\/wp-json\/wp\/v2\/posts\/4749\/revisions\/4770"}],"wp:featuredmedia":[{"embeddable":true,"href":"https:\/\/precrisa.ca\/en\/wp-json\/wp\/v2\/media\/4769"}],"wp:attachment":[{"href":"https:\/\/precrisa.ca\/en\/wp-json\/wp\/v2\/media?parent=4749"}],"wp:term":[{"taxonomy":"category","embeddable":true,"href":"https:\/\/precrisa.ca\/en\/wp-json\/wp\/v2\/categories?post=4749"},{"taxonomy":"post_tag","embeddable":true,"href":"https:\/\/precrisa.ca\/en\/wp-json\/wp\/v2\/tags?post=4749"}],"curies":[{"name":"wp","href":"https:\/\/api.w.org\/{rel}","templated":true}]}}