{"id":4737,"date":"2025-10-06T12:33:06","date_gmt":"2025-10-06T16:33:06","guid":{"rendered":"https:\/\/precrisa.ca\/?p=4737"},"modified":"2025-10-06T12:33:08","modified_gmt":"2025-10-06T16:33:08","slug":"sante-au-travail-conferences-2025-inspq","status":"publish","type":"post","link":"https:\/\/precrisa.ca\/en\/nouvelles\/sante-au-travail-conferences-2025-inspq\/","title":{"rendered":"Sant\u00e9 au travail : conf\u00e9rences 2025 &#8211; INSPQ"},"content":{"rendered":"<p>Cet automne, l\u2019INSPQ propose aux professionnel\u00b7le\u00b7s et m\u00e9decins du R\u00e9seau de sant\u00e9 publique en sant\u00e9 au travail (RSPSAT), une s\u00e9rie de webinaires portant sur des enjeux actuels et \u00e9mergents en sant\u00e9 au travail.<\/p>\n\n\n\n<p>Parmi les th\u00e9matiques abord\u00e9es&nbsp;: le bruit, les risques psychosociaux, les changements climatiques, la maternit\u00e9, le plomb, la qualit\u00e9 de l\u2019air, le t\u00e9l\u00e9travail, et bien d\u2019autres.<\/p>\n\n\n\n<p><strong>Programmation<\/strong><\/p>\n\n\n\n<p>Consultez la programmation pour vous inscrire aux webinaires qui r\u00e9pondent \u00e0 vos int\u00e9r\u00eats ou besoins professionnels.<\/p>\n\n\n\n<p>10 octobre 2025 &#8211;\u00a0<a href=\"https:\/\/www.inspq.qc.ca\/formation\/institut\/webinaires-sat-2025\/gestion-moisissures-milieux-mixtes\" target=\"_blank\" rel=\"noreferrer noopener\">La gestion des moisissures et ses enjeux en milieux mixtes<\/a><\/p>\n\n\n\n<p>24 octobre 2025 &#8211;\u00a0<a href=\"https:\/\/www.inspq.qc.ca\/formation\/institut\/webinaires-sat-2025\/maladie-origine-chimique-professionnelle\" target=\"_blank\" rel=\"noreferrer noopener\">Maladies \u00e0 d\u00e9claration obligatoire d\u2019origine chimique associ\u00e9es \u00e0 une exposition professionnelle : du portrait \u00e0 l\u2019intervention gr\u00e2ce \u00e0 Power BI<\/a><\/p>\n\n\n\n<p>14 novembre 2025 &#8211;\u00a0<a href=\"https:\/\/www.inspq.qc.ca\/formation\/institut\/webinaires-sat-2025\/enquete-qualite-air-mixte\" target=\"_blank\" rel=\"noreferrer noopener\">D\u00e9marche d\u2019enqu\u00eate pour la qualit\u00e9 de l\u2019air en milieux mixte SAT-SE : Pr\u00e9sentation d\u2019un cas<\/a><\/p>\n\n\n\n<p>12 d\u00e9cembre 2025 &#8211;\u00a0<a href=\"https:\/\/www.inspq.qc.ca\/formation\/institut\/webinaires-sat-2025\/teletravail-sante\" target=\"_blank\" rel=\"noreferrer noopener\">T\u00e9l\u00e9travail et sant\u00e9 des travailleuses et travailleurs : une revue rapide de l\u2019\u00e9tat des connaissances<\/a><\/p>\n\n\n\n<p><strong>Rediffusion<\/strong><\/p>\n\n\n\n<p>Vous pouvez \u00e9galement visionner les conf\u00e9rences ant\u00e9rieures en rediffusion, notamment celle-ci :<\/p>\n\n\n\n<p><a href=\"https:\/\/www.inspq.qc.ca\/formation\/institut\/webinaires-sat-2025\/changements-climatiques-agricoles-pecheries\" target=\"_blank\" rel=\"noreferrer noopener\">Travailleurs et travailleuses sous pressions : comment les changements climatiques impactent les milieux agricoles et les p\u00eacheries du Qu\u00e9bec<\/a><\/p>\n\n\n\n<p>Pour tous les d\u00e9tails, consultez le site officiel de l\u2019INSPQ\u00a0:\u00a0<a href=\"https:\/\/www.inspq.qc.ca\/formation\/institut\/webinaires-sat-2025\" target=\"_blank\" rel=\"noreferrer noopener\">Sant\u00e9 au travail : conf\u00e9rences 2025 | Institut national de sant\u00e9 publique du Qu\u00e9bec<\/a><\/p>","protected":false},"excerpt":{"rendered":"<p>Cet automne, l\u2019INSPQ propose aux professionnel\u00b7le\u00b7s et m\u00e9decins du R\u00e9seau de sant\u00e9 publique en sant\u00e9 au travail (RSPSAT), une s\u00e9rie de webinaires portant sur des enjeux actuels et \u00e9mergents en sant\u00e9 au travail. Parmi les th\u00e9matiques abord\u00e9es\u00a0: le bruit, les risques psychosociaux, les changements climatiques, la maternit\u00e9, le plomb, la qualit\u00e9 de l\u2019air, le t\u00e9l\u00e9travail, et bien d\u2019autres.<\/p>","protected":false},"author":1,"featured_media":4739,"comment_status":"closed","ping_status":"closed","sticky":false,"template":"","format":"standard","meta":{"_seopress_robots_primary_cat":"none","_seopress_titles_title":"","_seopress_titles_desc":"","_seopress_robots_index":"","_et_pb_use_builder":"off","_et_pb_old_content":"","_et_gb_content_width":"","_jetpack_memberships_contains_paid_content":false,"footnotes":""},"categories":[2],"tags":[],"class_list":["post-4737","post","type-post","status-publish","format-standard","has-post-thumbnail","hentry","category-general"],"jetpack_featured_media_url":"https:\/\/precrisa.ca\/wp-content\/uploads\/2025\/10\/Banniere-Sante-au-travail-conferences-2025.jpg","jetpack_sharing_enabled":true,"_links":{"self":[{"href":"https:\/\/precrisa.ca\/en\/wp-json\/wp\/v2\/posts\/4737","targetHints":{"allow":["GET"]}}],"collection":[{"href":"https:\/\/precrisa.ca\/en\/wp-json\/wp\/v2\/posts"}],"about":[{"href":"https:\/\/precrisa.ca\/en\/wp-json\/wp\/v2\/types\/post"}],"author":[{"embeddable":true,"href":"https:\/\/precrisa.ca\/en\/wp-json\/wp\/v2\/users\/1"}],"replies":[{"embeddable":true,"href":"https:\/\/precrisa.ca\/en\/wp-json\/wp\/v2\/comments?post=4737"}],"version-history":[{"count":1,"href":"https:\/\/precrisa.ca\/en\/wp-json\/wp\/v2\/posts\/4737\/revisions"}],"predecessor-version":[{"id":4740,"href":"https:\/\/precrisa.ca\/en\/wp-json\/wp\/v2\/posts\/4737\/revisions\/4740"}],"wp:featuredmedia":[{"embeddable":true,"href":"https:\/\/precrisa.ca\/en\/wp-json\/wp\/v2\/media\/4739"}],"wp:attachment":[{"href":"https:\/\/precrisa.ca\/en\/wp-json\/wp\/v2\/media?parent=4737"}],"wp:term":[{"taxonomy":"category","embeddable":true,"href":"https:\/\/precrisa.ca\/en\/wp-json\/wp\/v2\/categories?post=4737"},{"taxonomy":"post_tag","embeddable":true,"href":"https:\/\/precrisa.ca\/en\/wp-json\/wp\/v2\/tags?post=4737"}],"curies":[{"name":"wp","href":"https:\/\/api.w.org\/{rel}","templated":true}]}}