{"id":4719,"date":"2025-10-01T19:48:38","date_gmt":"2025-10-01T23:48:38","guid":{"rendered":"https:\/\/precrisa.ca\/?p=4719"},"modified":"2025-10-01T19:50:36","modified_gmt":"2025-10-01T23:50:36","slug":"28e-edition-des-jasp","status":"publish","type":"post","link":"https:\/\/precrisa.ca\/en\/nouvelles\/28e-edition-des-jasp\/","title":{"rendered":"\u00c0 vos marques pour la 28\u1d49\u00a0\u00e9dition des JASP ! Pr\u00eates et pr\u00eats \u00e0 plonger au c\u0153ur des enjeux de sant\u00e9 publique ?"},"content":{"rendered":"<p>Rendez-vous du 1er au 3 d\u00e9cembre 2025 \u00e0 l\u2019H\u00f4tel Bonaventure (Montr\u00e9al) pour les 28\u1d49&nbsp;Journ\u00e9es annuelles de sant\u00e9 publique.&nbsp;<\/p>\n\n\n\n<p>Cette \u00e9dition s\u2019inscrit sous le th\u00e8me \u00ab \u00c0 vos marques ! \u00bb. Alors que le r\u00e9seau de la sant\u00e9 est en pleine transformation et que l\u2019instabilit\u00e9 g\u00e9opolitique fragilise nos acquis, les JASP s\u2019inscrivent comme un moment fort pour r\u00e9affirmer nos valeurs et renforcer les partenariats qui fa\u00e7onnent une sant\u00e9 publique \u00e9quitable, durable et collective.<\/p>\n\n\n\n<p>Au programme : conf\u00e9rences pl\u00e9ni\u00e8res, pr\u00e9sentations par affiches, kiosques, et 18 activit\u00e9s de formation continue dont plusieurs qui pourraient particuli\u00e8rement int\u00e9resser les membres du Pr\u00e9crisa souhaitant renforcer les ponts entre recherche et pratique. En voici quelques-unes&nbsp;:<\/p>\n\n\n\n<ul class=\"wp-block-list\">\n<li><a href=\"https:\/\/www.inspq.qc.ca\/jasp\/1dec\/securite-civile\" target=\"_blank\" rel=\"noreferrer noopener\">S\u00e9curit\u00e9 civile : r\u00f4les et responsabilit\u00e9s de la sant\u00e9 publique<\/a><\/li>\n\n\n\n<li><a href=\"https:\/\/www.inspq.qc.ca\/jasp\/1dec\/batir-une-relation-de-confiance-avec-la-population\" target=\"_blank\" rel=\"noreferrer noopener\">B\u00e2tir une relation de confiance avec la population pour des actions de sant\u00e9 publique optimales<\/a><\/li>\n\n\n\n<li><a href=\"https:\/\/www.inspq.qc.ca\/jasp\/2dec\/changements-climatiques-milieu-de-travail\" target=\"_blank\" rel=\"noreferrer noopener\">Changements climatiques en milieu de travail: \u00e9valuer les risques, collaborer, adapter les pratiques<\/a><\/li>\n\n\n\n<li><a href=\"https:\/\/www.inspq.qc.ca\/jasp\/1dec\/cartographier-la-sante\" target=\"_blank\" rel=\"noreferrer noopener\">Cartographier la sant\u00e9 : les syst\u00e8mes d\u2019information g\u00e9ographique au service de la sant\u00e9 publique<\/a><\/li>\n\n\n\n<li><a href=\"https:\/\/www.inspq.qc.ca\/jasp\/2dec\/application-epidemiologie-spatiale\" target=\"_blank\" rel=\"noreferrer noopener\">Application de l\u2019\u00e9pid\u00e9miologie spatiale dans le contexte de la vigie et des enqu\u00eates de sant\u00e9 publique<\/a><\/li>\n\n\n\n<li><a href=\"https:\/\/www.inspq.qc.ca\/jasp\/2dec\/bien-etre-collectif\" target=\"_blank\" rel=\"noreferrer noopener\">Le bien-\u00eatre collectif : science, enjeux et opportunit\u00e9s<\/a><\/li>\n<\/ul>\n\n\n\n<p>Pour consulter la programmation compl\u00e8te\u00a0:\u00a0<a href=\"https:\/\/www.inspq.qc.ca\/jasp\/programmes-scientifiques\" target=\"_blank\" rel=\"noreferrer noopener\">Programmes scientifiques | Journ\u00e9es annuelles de sant\u00e9 publique (JASP)<\/a><\/p>\n\n\n\n<p><strong><u>D\u00e9tails de l\u2019\u00e9v\u00e9nement<\/u><\/strong><\/p>\n\n\n\n<p>Dates : 1er au 3 d\u00e9cembre 2025<\/p>\n\n\n\n<p>Lieu : H\u00f4tel Bonaventure, Montr\u00e9al<\/p>\n\n\n\n<p>Format : En pr\u00e9sentiel avec certaines activit\u00e9s accessibles en ligne<\/p>\n\n\n\n<p>Inscription : Site officiel des\u00a0<a href=\"https:\/\/www.inspq.qc.ca\/jasp\/accueil\" target=\"_blank\" rel=\"noreferrer noopener\">JASP<\/a><\/p>","protected":false},"excerpt":{"rendered":"<p>Rendez-vous du 1er au 3 d\u00e9cembre 2025 \u00e0 l\u2019H\u00f4tel Bonaventure (Montr\u00e9al) pour les 28\u1d49&nbsp;Journ\u00e9es annuelles de sant\u00e9 publique.&nbsp; Cette \u00e9dition s\u2019inscrit sous le th\u00e8me \u00ab \u00c0 vos marques ! \u00bb. [&hellip;]<\/p>","protected":false},"author":1,"featured_media":4721,"comment_status":"closed","ping_status":"closed","sticky":false,"template":"","format":"standard","meta":{"_seopress_robots_primary_cat":"none","_seopress_titles_title":"","_seopress_titles_desc":"","_seopress_robots_index":"","_et_pb_use_builder":"off","_et_pb_old_content":"","_et_gb_content_width":"","_jetpack_memberships_contains_paid_content":false,"footnotes":""},"categories":[2],"tags":[],"class_list":["post-4719","post","type-post","status-publish","format-standard","has-post-thumbnail","hentry","category-general"],"jetpack_featured_media_url":"https:\/\/precrisa.ca\/wp-content\/uploads\/2025\/10\/Banniere-JASP.jpg","jetpack_sharing_enabled":true,"_links":{"self":[{"href":"https:\/\/precrisa.ca\/en\/wp-json\/wp\/v2\/posts\/4719","targetHints":{"allow":["GET"]}}],"collection":[{"href":"https:\/\/precrisa.ca\/en\/wp-json\/wp\/v2\/posts"}],"about":[{"href":"https:\/\/precrisa.ca\/en\/wp-json\/wp\/v2\/types\/post"}],"author":[{"embeddable":true,"href":"https:\/\/precrisa.ca\/en\/wp-json\/wp\/v2\/users\/1"}],"replies":[{"embeddable":true,"href":"https:\/\/precrisa.ca\/en\/wp-json\/wp\/v2\/comments?post=4719"}],"version-history":[{"count":1,"href":"https:\/\/precrisa.ca\/en\/wp-json\/wp\/v2\/posts\/4719\/revisions"}],"predecessor-version":[{"id":4722,"href":"https:\/\/precrisa.ca\/en\/wp-json\/wp\/v2\/posts\/4719\/revisions\/4722"}],"wp:featuredmedia":[{"embeddable":true,"href":"https:\/\/precrisa.ca\/en\/wp-json\/wp\/v2\/media\/4721"}],"wp:attachment":[{"href":"https:\/\/precrisa.ca\/en\/wp-json\/wp\/v2\/media?parent=4719"}],"wp:term":[{"taxonomy":"category","embeddable":true,"href":"https:\/\/precrisa.ca\/en\/wp-json\/wp\/v2\/categories?post=4719"},{"taxonomy":"post_tag","embeddable":true,"href":"https:\/\/precrisa.ca\/en\/wp-json\/wp\/v2\/tags?post=4719"}],"curies":[{"name":"wp","href":"https:\/\/api.w.org\/{rel}","templated":true}]}}