{"id":4712,"date":"2025-09-24T16:32:34","date_gmt":"2025-09-24T20:32:34","guid":{"rendered":"https:\/\/precrisa.ca\/?p=4712"},"modified":"2025-09-24T16:32:36","modified_gmt":"2025-09-24T20:32:36","slug":"le-congres-conjoint-airs-cares-et-precrisa-une-rencontre-intersectorielle-stimulante-a-chicoutimi","status":"publish","type":"post","link":"https:\/\/precrisa.ca\/en\/nouvelles\/le-congres-conjoint-airs-cares-et-precrisa-une-rencontre-intersectorielle-stimulante-a-chicoutimi\/","title":{"rendered":"Le Congr\u00e8s conjoint AIRS, CARES et Pr\u00e9crisa : une rencontre intersectorielle stimulante \u00e0 Chicoutimi"},"content":{"rendered":"<p>Les 23 et 24 septembre 2025, plus d\u2019une centaine de membres des r\u00e9seaux AIRS, CARES et Pr\u00e9crisa se sont r\u00e9unis \u00e0 l\u2019Universit\u00e9 du Qu\u00e9bec \u00e0 Chicoutimi (UQAC) dans le cadre du Congr\u00e8s conjoint sur le th\u00e8me \u00e9largi du transport et de ses impacts sur la sant\u00e9. Cet \u00e9v\u00e9nement a \u00e9t\u00e9 marqu\u00e9 par une dynamique scientifique et collaborative, mettant en valeur la diversit\u00e9 et la richesse des projets de recherche port\u00e9s par les trois r\u00e9seaux.<\/p>\n\n\n\n<p>Au fil de ces deux journ\u00e9es, chercheurs et \u00e9tudiants ont pr\u00e9sent\u00e9 plus de 40 projets couvrant une diversit\u00e9 de th\u00e9matiques telles que les bioa\u00e9rosols, la r\u00e9sistance aux antimicrobiens, la pollution et la cognition, la mobilit\u00e9 verte, et bien d\u2019autres enjeux de sant\u00e9 et d\u2019environnement. Ces pr\u00e9sentations ont illustr\u00e9 la port\u00e9e interdisciplinaire des travaux men\u00e9s et leur contribution \u00e0 une meilleure compr\u00e9hension des d\u00e9fis contemporains.<\/p>\n\n\n\n<p>Lily Lessard, directrice du Pr\u00e9crisa, a profit\u00e9 de cette tribune pour pr\u00e9senter le R\u00e9seau ainsi que nos initiatives intersectorielles, dont la Table sur les menaces \u00e9mergentes et le projet de cohorte sentinelle Une seule sant\u00e9, qui jouent un r\u00f4le cl\u00e9 dans la pr\u00e9vention de la grippe aviaire. Son intervention a soulign\u00e9 l\u2019importance d\u2019une approche int\u00e9gr\u00e9e pour r\u00e9pondre aux risques sanitaires \u00e9mergents.<\/p>\n\n\n\n<p>Le comit\u00e9 \u00e9tudiant du Pr\u00e9crisa s\u2019est \u00e9galement distingu\u00e9 par son dynamisme et sa cr\u00e9ativit\u00e9, animant un kiosque interactif et pr\u00e9sentant ses activit\u00e9s avec enthousiasme, tout en invitant la communaut\u00e9 \u00e9tudiante \u00e0 y prendre part.<\/p>\n\n\n\n<p>Le Pr\u00e9crisa tient \u00e0 remercier chaleureusement l\u2019UQAC pour son accueil, le r\u00e9seau AIRS pour son leadership dans l\u2019organisation du congr\u00e8s, ainsi que le R\u00e9seau CARES et le CISD pour leur pr\u00e9cieuse collaboration.<\/p>","protected":false},"excerpt":{"rendered":"<p>Les 23 et 24 septembre 2025, plus d\u2019une centaine de membres des r\u00e9seaux AIRS, CARES et Pr\u00e9crisa se sont r\u00e9unis \u00e0 l\u2019Universit\u00e9 du Qu\u00e9bec \u00e0 Chicoutimi (UQAC) dans le cadre [&hellip;]<\/p>","protected":false},"author":1,"featured_media":4714,"comment_status":"closed","ping_status":"closed","sticky":false,"template":"","format":"standard","meta":{"_seopress_robots_primary_cat":"none","_seopress_titles_title":"","_seopress_titles_desc":"","_seopress_robots_index":"","_et_pb_use_builder":"off","_et_pb_old_content":"","_et_gb_content_width":"","_jetpack_memberships_contains_paid_content":false,"footnotes":""},"categories":[2],"tags":[],"class_list":["post-4712","post","type-post","status-publish","format-standard","has-post-thumbnail","hentry","category-general"],"jetpack_featured_media_url":"https:\/\/precrisa.ca\/wp-content\/uploads\/2025\/09\/Banniere-Congres-conjoint.jpg","jetpack_sharing_enabled":true,"_links":{"self":[{"href":"https:\/\/precrisa.ca\/en\/wp-json\/wp\/v2\/posts\/4712","targetHints":{"allow":["GET"]}}],"collection":[{"href":"https:\/\/precrisa.ca\/en\/wp-json\/wp\/v2\/posts"}],"about":[{"href":"https:\/\/precrisa.ca\/en\/wp-json\/wp\/v2\/types\/post"}],"author":[{"embeddable":true,"href":"https:\/\/precrisa.ca\/en\/wp-json\/wp\/v2\/users\/1"}],"replies":[{"embeddable":true,"href":"https:\/\/precrisa.ca\/en\/wp-json\/wp\/v2\/comments?post=4712"}],"version-history":[{"count":1,"href":"https:\/\/precrisa.ca\/en\/wp-json\/wp\/v2\/posts\/4712\/revisions"}],"predecessor-version":[{"id":4715,"href":"https:\/\/precrisa.ca\/en\/wp-json\/wp\/v2\/posts\/4712\/revisions\/4715"}],"wp:featuredmedia":[{"embeddable":true,"href":"https:\/\/precrisa.ca\/en\/wp-json\/wp\/v2\/media\/4714"}],"wp:attachment":[{"href":"https:\/\/precrisa.ca\/en\/wp-json\/wp\/v2\/media?parent=4712"}],"wp:term":[{"taxonomy":"category","embeddable":true,"href":"https:\/\/precrisa.ca\/en\/wp-json\/wp\/v2\/categories?post=4712"},{"taxonomy":"post_tag","embeddable":true,"href":"https:\/\/precrisa.ca\/en\/wp-json\/wp\/v2\/tags?post=4712"}],"curies":[{"name":"wp","href":"https:\/\/api.w.org\/{rel}","templated":true}]}}