{"id":4471,"date":"2025-09-12T11:46:28","date_gmt":"2025-09-12T15:46:28","guid":{"rendered":"https:\/\/precrisa.ca\/?p=4471"},"modified":"2025-09-12T11:46:30","modified_gmt":"2025-09-12T15:46:30","slug":"evenement-sante-et-changements-climatiques-des-solutions-pour-faire-face-aux-nouveaux-risques-au-canada","status":"publish","type":"post","link":"https:\/\/precrisa.ca\/en\/nouvelles\/evenement-sante-et-changements-climatiques-des-solutions-pour-faire-face-aux-nouveaux-risques-au-canada\/","title":{"rendered":"\u00c9v\u00e9nement : Sant\u00e9 et changements climatiques : Des solutions pour faire face aux nouveaux risques au Canada"},"content":{"rendered":"<p>Le 6 octobre, le Globe and Mail et ses partenaires vous convient \u00e0 un \u00e9v\u00e9nement r\u00e9unissant des prestataires de soins, des leaders communautaires et des responsables du d\u00e9veloppement durable pour discuter des liens et pr\u00e9senter des mesures favorables \u00e0 la sant\u00e9 humaine et de la plan\u00e8te.<\/p>\n\n\n\n<p>Alors que les bouleversements climatiques sont d\u00e9sormais reconnus comme l\u2019une des plus grandes menaces pour la sant\u00e9 publique, cet \u00e9v\u00e9nement vise \u00e0 mettre en lumi\u00e8re les impacts concrets, comme le stress thermique, la mauvaise qualit\u00e9 de l\u2019air, l\u2019\u00e9coanxi\u00e9t\u00e9 ainsi que les traumatismes li\u00e9s aux \u00e9vacuations tout en pr\u00e9sentant des solutions durables et int\u00e9gr\u00e9es.<\/p>\n\n\n\n<p>Organis\u00e9 dans une perspective intersectorielle, ce rassemblement offrira un espace de dialogue et de r\u00e9flexion sur les strat\u00e9gies \u00e0 adopter pour prot\u00e9ger \u00e0 la fois la sant\u00e9 des populations et celle de notre plan\u00e8te.<\/p>\n\n\n\n<p><strong>Pourquoi y participer ?<\/strong><\/p>\n\n\n\n<ul class=\"wp-block-list\">\n<li>Pour approfondir vos connaissances sur les effets sanitaires des changements climatiques et les r\u00e9ponses possibles.<\/li>\n\n\n\n<li>Pour d\u00e9couvrir des initiatives inspirantes port\u00e9es par des communaut\u00e9s, des institutions de sant\u00e9 et des acteurs du d\u00e9veloppement durable.<\/li>\n\n\n\n<li>Pour contribuer \u00e0 une vision collective et r\u00e9siliente de la sant\u00e9 face aux d\u00e9fis environnementaux.<\/li>\n<\/ul>\n\n\n\n<p><strong>D\u00e9tails de l\u2019\u00e9v\u00e9nement<\/strong><\/p>\n\n\n\n<ul class=\"wp-block-list\">\n<li>Date : 6 octobre 2025<\/li>\n\n\n\n<li>Heure : 12 h \u00e0 17 h (HE)<\/li>\n\n\n\n<li>Lieu: En personne au Globe and Mail Centre, Toronto (Ontario) ou en virtuel<\/li>\n\n\n\n<li>Inscription :\u00a0<a href=\"https:\/\/globeandmailevents.com\/healthandclimatechangefr\" target=\"_blank\" rel=\"noreferrer noopener\">Cliquez ici pour vous inscrire<\/a><\/li>\n<\/ul>\n\n\n\n<p>Pour plus d\u2019informations sur\u00a0les conf\u00e9renciers et conf\u00e9renci\u00e8res ainsi que sur la programmation :\u00a0<a href=\"https:\/\/globeandmailevents.com\/healthandclimatechangefr\" target=\"_blank\" rel=\"noreferrer noopener\">Consultez la page de l\u2019\u00e9v\u00e9nement sur le site\u00a0The Globe and Mail<\/a><\/p>","protected":false},"excerpt":{"rendered":"<p>Le 6 octobre, le Globe and Mail et ses partenaires vous convient \u00e0 un \u00e9v\u00e9nement r\u00e9unissant des prestataires de soins, des leaders communautaires et des responsables du d\u00e9veloppement durable pour [&hellip;]<\/p>","protected":false},"author":1,"featured_media":4473,"comment_status":"closed","ping_status":"closed","sticky":false,"template":"","format":"standard","meta":{"_seopress_robots_primary_cat":"none","_seopress_titles_title":"","_seopress_titles_desc":"","_seopress_robots_index":"","_et_pb_use_builder":"off","_et_pb_old_content":"","_et_gb_content_width":"","_jetpack_memberships_contains_paid_content":false,"footnotes":""},"categories":[2],"tags":[],"class_list":["post-4471","post","type-post","status-publish","format-standard","has-post-thumbnail","hentry","category-general"],"jetpack_featured_media_url":"https:\/\/precrisa.ca\/wp-content\/uploads\/2025\/09\/Evenement-sante-et-changement-climatique.jpg","jetpack_sharing_enabled":true,"_links":{"self":[{"href":"https:\/\/precrisa.ca\/en\/wp-json\/wp\/v2\/posts\/4471","targetHints":{"allow":["GET"]}}],"collection":[{"href":"https:\/\/precrisa.ca\/en\/wp-json\/wp\/v2\/posts"}],"about":[{"href":"https:\/\/precrisa.ca\/en\/wp-json\/wp\/v2\/types\/post"}],"author":[{"embeddable":true,"href":"https:\/\/precrisa.ca\/en\/wp-json\/wp\/v2\/users\/1"}],"replies":[{"embeddable":true,"href":"https:\/\/precrisa.ca\/en\/wp-json\/wp\/v2\/comments?post=4471"}],"version-history":[{"count":1,"href":"https:\/\/precrisa.ca\/en\/wp-json\/wp\/v2\/posts\/4471\/revisions"}],"predecessor-version":[{"id":4474,"href":"https:\/\/precrisa.ca\/en\/wp-json\/wp\/v2\/posts\/4471\/revisions\/4474"}],"wp:featuredmedia":[{"embeddable":true,"href":"https:\/\/precrisa.ca\/en\/wp-json\/wp\/v2\/media\/4473"}],"wp:attachment":[{"href":"https:\/\/precrisa.ca\/en\/wp-json\/wp\/v2\/media?parent=4471"}],"wp:term":[{"taxonomy":"category","embeddable":true,"href":"https:\/\/precrisa.ca\/en\/wp-json\/wp\/v2\/categories?post=4471"},{"taxonomy":"post_tag","embeddable":true,"href":"https:\/\/precrisa.ca\/en\/wp-json\/wp\/v2\/tags?post=4471"}],"curies":[{"name":"wp","href":"https:\/\/api.w.org\/{rel}","templated":true}]}}