{"id":4461,"date":"2025-09-04T11:27:43","date_gmt":"2025-09-04T15:27:43","guid":{"rendered":"https:\/\/precrisa.ca\/?p=4461"},"modified":"2025-09-04T11:28:19","modified_gmt":"2025-09-04T15:28:19","slug":"le-reseau-precrisa-salue-la-nomination-de-dre-caroline-quach-thanh-a-la-direction-nationale-de-sante-publique-du-quebec","status":"publish","type":"post","link":"https:\/\/precrisa.ca\/en\/nouvelles\/le-reseau-precrisa-salue-la-nomination-de-dre-caroline-quach-thanh-a-la-direction-nationale-de-sante-publique-du-quebec\/","title":{"rendered":"Le R\u00e9seau Pr\u00e9crisa salue la nomination de Dre Caroline Quach-Thanh \u00e0 la direction nationale de sant\u00e9 publique du Qu\u00e9bec !"},"content":{"rendered":"<p>Le R\u00e9seau Pr\u00e9crisa se r\u00e9jouit de la nomination de Dre Caroline Quach-Thanh \u00e0 titre de directrice nationale de sant\u00e9 publique, \u00e0 l\u2019issue d\u2019un processus de s\u00e9lection particuli\u00e8rement rigoureux visant \u00e0 succ\u00e9der au Dr Luc Boileau. Bien que son entr\u00e9e en fonction soit pr\u00e9vue pour le 29 septembre prochain, Dre Quach-Thanh a choisi de remettre sa d\u00e9mission au sein du Pr\u00e9crisa, par souci d\u2019int\u00e9grit\u00e9 et afin d\u2019\u00e9viter tout conflit d\u2019int\u00e9r\u00eats.<\/p>\n\n\n\n<p>\u00c0 titre de co-directrice du Pr\u00e9crisa, Dre Quach-Thanh a marqu\u00e9 notre organisation par sa rigueur intellectuelle, sa vision strat\u00e9gique, son leadership mobilisateur et son engagement ind\u00e9fectible. Sa capacit\u00e9 \u00e0 vulgariser la science, \u00e0 rallier d\u00e9cideurs, professionnels, \u00e9tudiants et citoyens, son ouverture \u00e0 l\u2019approche Une seule sant\u00e9, ainsi que son \u00e9coute attentive des perspectives citoyennes, ont \u00e9t\u00e9 \u2014 et demeureront \u2014 des atouts majeurs dans la gestion des crises sanitaires. Elle a su conjuguer avec brio excellence scientifique et sens profond des relations humaines.<\/p>\n\n\n\n<p>Nous sommes convaincus que Dre Quach-Thanh contribuera \u00e0 faire rayonner la sant\u00e9 publique au Qu\u00e9bec, port\u00e9e par ses convictions profondes, son parcours remarquable et sa capacit\u00e9 \u00e0 b\u00e2tir des ponts entre les milieux scientifiques, politiques et communautaires. Depuis la cr\u00e9ation du R\u00e9seau Pr\u00e9crisa, nous avons eu le privil\u00e8ge de collaborer \u00e9troitement avec elle, et nous sommes persuad\u00e9s que nos chemins continueront de se croiser dans le cadre de notre mission commune : mieux pr\u00e9venir, se pr\u00e9parer, intervenir et se r\u00e9tablir face aux crises qui affectent la sant\u00e9.<\/p>","protected":false},"excerpt":{"rendered":"<p>Le R\u00e9seau Pr\u00e9crisa se r\u00e9jouit de la nomination de Dre Caroline Quach-Thanh \u00e0 titre de directrice nationale de sant\u00e9 publique, \u00e0 l\u2019issue d\u2019un processus de s\u00e9lection particuli\u00e8rement rigoureux visant \u00e0 succ\u00e9der au Dr Luc Boileau. Bien que son entr\u00e9e en fonction soit pr\u00e9vue pour le 29 septembre prochain, Dre Quach-Thanh a choisi de remettre sa d\u00e9mission au sein du Pr\u00e9crisa, par souci d\u2019int\u00e9grit\u00e9 et afin d\u2019\u00e9viter tout conflit d\u2019int\u00e9r\u00eats.<\/p>","protected":false},"author":1,"featured_media":4463,"comment_status":"closed","ping_status":"closed","sticky":false,"template":"","format":"standard","meta":{"_seopress_robots_primary_cat":"none","_seopress_titles_title":"","_seopress_titles_desc":"","_seopress_robots_index":"","_et_pb_use_builder":"off","_et_pb_old_content":"","_et_gb_content_width":"","_jetpack_memberships_contains_paid_content":false,"footnotes":""},"categories":[2],"tags":[],"class_list":["post-4461","post","type-post","status-publish","format-standard","has-post-thumbnail","hentry","category-general"],"jetpack_featured_media_url":"https:\/\/precrisa.ca\/wp-content\/uploads\/2025\/09\/Banniere-Nomination-Caroline-Quach.jpg","jetpack_sharing_enabled":true,"_links":{"self":[{"href":"https:\/\/precrisa.ca\/en\/wp-json\/wp\/v2\/posts\/4461","targetHints":{"allow":["GET"]}}],"collection":[{"href":"https:\/\/precrisa.ca\/en\/wp-json\/wp\/v2\/posts"}],"about":[{"href":"https:\/\/precrisa.ca\/en\/wp-json\/wp\/v2\/types\/post"}],"author":[{"embeddable":true,"href":"https:\/\/precrisa.ca\/en\/wp-json\/wp\/v2\/users\/1"}],"replies":[{"embeddable":true,"href":"https:\/\/precrisa.ca\/en\/wp-json\/wp\/v2\/comments?post=4461"}],"version-history":[{"count":2,"href":"https:\/\/precrisa.ca\/en\/wp-json\/wp\/v2\/posts\/4461\/revisions"}],"predecessor-version":[{"id":4465,"href":"https:\/\/precrisa.ca\/en\/wp-json\/wp\/v2\/posts\/4461\/revisions\/4465"}],"wp:featuredmedia":[{"embeddable":true,"href":"https:\/\/precrisa.ca\/en\/wp-json\/wp\/v2\/media\/4463"}],"wp:attachment":[{"href":"https:\/\/precrisa.ca\/en\/wp-json\/wp\/v2\/media?parent=4461"}],"wp:term":[{"taxonomy":"category","embeddable":true,"href":"https:\/\/precrisa.ca\/en\/wp-json\/wp\/v2\/categories?post=4461"},{"taxonomy":"post_tag","embeddable":true,"href":"https:\/\/precrisa.ca\/en\/wp-json\/wp\/v2\/tags?post=4461"}],"curies":[{"name":"wp","href":"https:\/\/api.w.org\/{rel}","templated":true}]}}