{"id":4409,"date":"2025-08-25T13:20:50","date_gmt":"2025-08-25T17:20:50","guid":{"rendered":"https:\/\/precrisa.ca\/?p=4409"},"modified":"2025-08-25T13:20:53","modified_gmt":"2025-08-25T17:20:53","slug":"portes-ouvertes-aux-donnees-la-tournee-pancanadienne-du-rccdr-quebec","status":"publish","type":"post","link":"https:\/\/precrisa.ca\/en\/nouvelles\/portes-ouvertes-aux-donnees-la-tournee-pancanadienne-du-rccdr-quebec\/","title":{"rendered":"Portes ouvertes aux donn\u00e9es \u2013 La tourn\u00e9e pancanadienne du RCCDR: Qu\u00e9bec"},"content":{"rendered":"<p>Le R\u00e9seau canadien des Centres de donn\u00e9es de recherche (RCCDR) poursuit sa tourn\u00e9e pancanadienne et s\u2019arr\u00eate \u00e0 Qu\u00e9bec pour une demi-journ\u00e9e d\u2019\u00e9changes et de formation autour des donn\u00e9es de recherche. Organis\u00e9e en collaboration avec le Centre interuniversitaire qu\u00e9b\u00e9cois de statistiques sociales (CIQSS), cette matin\u00e9e gratuite propose deux volets compl\u00e9mentaires :<\/p>\n\n\n\n<ul class=\"wp-block-list\">\n<li>Soutenir les politiques publiques par la recherche<\/li>\n<\/ul>\n\n\n\n<p>Une s\u00e9ance anim\u00e9e par Magali Girard (CIQSS) et Johanne Proven\u00e7al (RCCDR) r\u00e9unira des personnes issues du milieu de la recherche et des milieux gouvernementaux pour explorer les m\u00e9canismes de collaboration entre savoirs scientifiques et politiques publiques. Un micro ouvert permettra aux participant\u00b7e\u00b7s de soulever des enjeux cl\u00e9s \u00e0 approfondir collectivement.<\/p>\n\n\n\n<ul class=\"wp-block-list\">\n<li>Formation sur la d\u00e9couvrabilit\u00e9 des donn\u00e9es restreintes<\/li>\n<\/ul>\n\n\n\n<p>Grant Gibson (RCCDR) offrira une formation pratique sur les outils permettant de rendre les donn\u00e9es \u00e0 acc\u00e8s restreint plus conformes aux principes FAIR. Les personnes participantes pourront manipuler ces outils et r\u00e9fl\u00e9chir \u00e0 leur int\u00e9gration dans leurs projets de recherche.<\/p>\n\n\n\n<p>Que vous soyez engag\u00e9\u00b7e dans la recherche, professionnel\u00b7le de la donn\u00e9e ou impliqu\u00e9\u00b7e dans la prise de d\u00e9cision publique, cette rencontre est une occasion unique de renforcer les liens entre recherche, donn\u00e9es et action publique.<\/p>\n\n\n\n<p><strong>D\u00e9tails de l\u2019\u00e9v\u00e9nement<\/strong><\/p>\n\n\n\n<ul class=\"wp-block-list\">\n<li>Date et heure : <strong>Mardi 23 septembre 2025, de 9 h \u00e0 12 h<\/strong> (heure de l\u2019Est)<\/li>\n\n\n\n<li>Lieu : <strong>Universit\u00e9 Laval<\/strong>, 345 rue des Biblioth\u00e8ques, Qu\u00e9bec, QC G1V 0A6<\/li>\n\n\n\n<li>Participation : <strong>En pr\u00e9sentie<\/strong>l ou <strong>en ligne<\/strong><\/li>\n<\/ul>\n\n\n\n<p><strong>Inscription et informations suppl\u00e9mentaires<\/strong>\u00a0sur\u00a0<a href=\"https:\/\/crdcn.ca\/events\/portes-ouvertes-aux-donnees-la-tournee-pancanadienne-du-rccdr-quebec\/?lang=fr\" target=\"_blank\" rel=\"noreferrer noopener\">le site du RCCDR<\/a>.<\/p>","protected":false},"excerpt":{"rendered":"<p>Le R\u00e9seau canadien des Centres de donn\u00e9es de recherche (RCCDR) poursuit sa tourn\u00e9e pancanadienne et s\u2019arr\u00eate \u00e0 Qu\u00e9bec pour une demi-journ\u00e9e d\u2019\u00e9changes et de formation autour des donn\u00e9es de recherche. [&hellip;]<\/p>","protected":false},"author":1,"featured_media":4411,"comment_status":"closed","ping_status":"closed","sticky":false,"template":"","format":"standard","meta":{"_seopress_robots_primary_cat":"none","_seopress_titles_title":"","_seopress_titles_desc":"","_seopress_robots_index":"","_et_pb_use_builder":"off","_et_pb_old_content":"","_et_gb_content_width":"","_jetpack_memberships_contains_paid_content":false,"footnotes":""},"categories":[2],"tags":[],"class_list":["post-4409","post","type-post","status-publish","format-standard","has-post-thumbnail","hentry","category-general"],"jetpack_featured_media_url":"https:\/\/precrisa.ca\/wp-content\/uploads\/2025\/08\/RCDDR_Banniere.jpg","jetpack_sharing_enabled":true,"_links":{"self":[{"href":"https:\/\/precrisa.ca\/en\/wp-json\/wp\/v2\/posts\/4409","targetHints":{"allow":["GET"]}}],"collection":[{"href":"https:\/\/precrisa.ca\/en\/wp-json\/wp\/v2\/posts"}],"about":[{"href":"https:\/\/precrisa.ca\/en\/wp-json\/wp\/v2\/types\/post"}],"author":[{"embeddable":true,"href":"https:\/\/precrisa.ca\/en\/wp-json\/wp\/v2\/users\/1"}],"replies":[{"embeddable":true,"href":"https:\/\/precrisa.ca\/en\/wp-json\/wp\/v2\/comments?post=4409"}],"version-history":[{"count":1,"href":"https:\/\/precrisa.ca\/en\/wp-json\/wp\/v2\/posts\/4409\/revisions"}],"predecessor-version":[{"id":4412,"href":"https:\/\/precrisa.ca\/en\/wp-json\/wp\/v2\/posts\/4409\/revisions\/4412"}],"wp:featuredmedia":[{"embeddable":true,"href":"https:\/\/precrisa.ca\/en\/wp-json\/wp\/v2\/media\/4411"}],"wp:attachment":[{"href":"https:\/\/precrisa.ca\/en\/wp-json\/wp\/v2\/media?parent=4409"}],"wp:term":[{"taxonomy":"category","embeddable":true,"href":"https:\/\/precrisa.ca\/en\/wp-json\/wp\/v2\/categories?post=4409"},{"taxonomy":"post_tag","embeddable":true,"href":"https:\/\/precrisa.ca\/en\/wp-json\/wp\/v2\/tags?post=4409"}],"curies":[{"name":"wp","href":"https:\/\/api.w.org\/{rel}","templated":true}]}}