{"id":4397,"date":"2025-08-20T13:01:36","date_gmt":"2025-08-20T17:01:36","guid":{"rendered":"https:\/\/precrisa.ca\/?p=4397"},"modified":"2025-08-20T13:01:38","modified_gmt":"2025-08-20T17:01:38","slug":"lancement-du-programme-precise-un-appel-a-projets-pour-evaluer-les-contaminants-et-leurs-impacts","status":"publish","type":"post","link":"https:\/\/precrisa.ca\/en\/nouvelles\/lancement-du-programme-precise-un-appel-a-projets-pour-evaluer-les-contaminants-et-leurs-impacts\/","title":{"rendered":"Lancement du programme PR\u00c9CISE : un appel \u00e0 projets pour \u00e9valuer les contaminants et leurs impacts"},"content":{"rendered":"<p>Le Fonds de recherche du Qu\u00e9bec (FRQ), en partenariat avec le Minist\u00e8re de l\u2019\u00c9conomie, de l\u2019Innovation et de l\u2019\u00c9nergie (MEIE) et en collaboration avec l\u2019Observatoire national sur les incidences des \u00e9missions de contaminants sur la sant\u00e9 et l\u2019environnement (ONICSE), annonce le lancement du programme PR\u00c9CISE \u2013 Programme de recherche sur l\u2019\u00e9valuation des contaminants et des incidences sur la sant\u00e9 et sur l\u2019environnement.<\/p>\n\n\n\n<p>Ce programme vise \u00e0 soutenir des projets de recherche intersectoriels et innovants pour r\u00e9pondre aux enjeux suivants&nbsp;:<\/p>\n\n\n\n<ol start=\"1\" class=\"wp-block-list\">\n<li>\u00c9valuation des risques pour la sant\u00e9 et le mieux-\u00eatre en lien avec l\u2019exposition aux \u00e9missions de contaminants d\u2019origine industrielle, en priorit\u00e9 ceux li\u00e9s aux activit\u00e9s des fonderies<\/li>\n\n\n\n<li>Dynamiques et profils d\u2019exposition aux \u00e9missions de contaminants d\u2019origine industrielle, en priorit\u00e9 ceux li\u00e9s aux activit\u00e9s des fonderies<\/li>\n<\/ol>\n\n\n\n<p><strong>Appel aux membres du R\u00e9seau Pr\u00e9crisa : soumettez vos id\u00e9es de projet<\/strong><\/p>\n\n\n\n<p>Les membres du R\u00e9seau Pr\u00e9crisa sont invit\u00e9s \u00e0 saisir cette opportunit\u00e9 pour proposer des projets novateurs et \u00e0 nous contacter s\u2019ils souhaitent discuter de leurs id\u00e9es ou obtenir du soutien dans le processus de soumission.<\/p>\n\n\n\n<p><strong>Dates importantes<\/strong><\/p>\n\n\n\n<ul class=\"wp-block-list\">\n<li>Webinaire d\u2019information :\u00a04 septembre 2025, de 10h30 \u00e0 12h.\u00a0<a href=\"https:\/\/events.teams.microsoft.com\/event\/717e171b-26e8-47b7-8b0c-99f3d2f06faa@196b8e58-0b06-4da7-9a08-642fdcb23237\" target=\"_blank\" rel=\"noreferrer noopener\">Inscriptions ICI<\/a><\/li>\n\n\n\n<li>Pr\u00e9-demande : 30 octobre 2025<\/li>\n\n\n\n<li>Demande compl\u00e8te : 19 mars 2026<\/li>\n<\/ul>\n\n\n\n<p><strong>Financement<\/strong>&nbsp;: Jusqu\u2019\u00e0 500 000 $ par projet sur une dur\u00e9e de 3 ans<\/p>\n\n\n\n<p><strong>Pour en savoir plus<\/strong>\u00a0sur les objectifs, les crit\u00e8res d\u2019admissibilit\u00e9 et les modalit\u00e9s de d\u00e9p\u00f4t, consultez\u00a0<a href=\"https:\/\/frq.gouv.qc.ca\/programme\/precise-programme-de-recherche-sur-levaluation-des-contaminants-et-des-incidences-sur-la-sante-et-sur-lenvironnement-dans-le-cadre-de-la-programmation-de-recherc\/\" target=\"_blank\" rel=\"noreferrer noopener\">la page officielle du programme PR\u00c9CISE<\/a>.<\/p>","protected":false},"excerpt":{"rendered":"<p>Le Fonds de recherche du Qu\u00e9bec (FRQ), en partenariat avec le Minist\u00e8re de l\u2019\u00c9conomie, de l\u2019Innovation et de l\u2019\u00c9nergie (MEIE) et en collaboration avec l\u2019Observatoire national sur les incidences des \u00e9missions de contaminants sur la sant\u00e9 et l\u2019environnement (ONICSE), annonce le lancement du programme PR\u00c9CISE \u2013 Programme de recherche sur l\u2019\u00e9valuation des contaminants et des incidences sur la sant\u00e9 et sur l\u2019environnement.<\/p>","protected":false},"author":1,"featured_media":4399,"comment_status":"closed","ping_status":"closed","sticky":false,"template":"","format":"standard","meta":{"_seopress_robots_primary_cat":"none","_seopress_titles_title":"","_seopress_titles_desc":"","_seopress_robots_index":"","_et_pb_use_builder":"off","_et_pb_old_content":"","_et_gb_content_width":"","_jetpack_memberships_contains_paid_content":false,"footnotes":""},"categories":[2],"tags":[],"class_list":["post-4397","post","type-post","status-publish","format-standard","has-post-thumbnail","hentry","category-general"],"jetpack_featured_media_url":"https:\/\/precrisa.ca\/wp-content\/uploads\/2025\/08\/appelapropositions.jpg","jetpack_sharing_enabled":true,"_links":{"self":[{"href":"https:\/\/precrisa.ca\/en\/wp-json\/wp\/v2\/posts\/4397","targetHints":{"allow":["GET"]}}],"collection":[{"href":"https:\/\/precrisa.ca\/en\/wp-json\/wp\/v2\/posts"}],"about":[{"href":"https:\/\/precrisa.ca\/en\/wp-json\/wp\/v2\/types\/post"}],"author":[{"embeddable":true,"href":"https:\/\/precrisa.ca\/en\/wp-json\/wp\/v2\/users\/1"}],"replies":[{"embeddable":true,"href":"https:\/\/precrisa.ca\/en\/wp-json\/wp\/v2\/comments?post=4397"}],"version-history":[{"count":1,"href":"https:\/\/precrisa.ca\/en\/wp-json\/wp\/v2\/posts\/4397\/revisions"}],"predecessor-version":[{"id":4400,"href":"https:\/\/precrisa.ca\/en\/wp-json\/wp\/v2\/posts\/4397\/revisions\/4400"}],"wp:featuredmedia":[{"embeddable":true,"href":"https:\/\/precrisa.ca\/en\/wp-json\/wp\/v2\/media\/4399"}],"wp:attachment":[{"href":"https:\/\/precrisa.ca\/en\/wp-json\/wp\/v2\/media?parent=4397"}],"wp:term":[{"taxonomy":"category","embeddable":true,"href":"https:\/\/precrisa.ca\/en\/wp-json\/wp\/v2\/categories?post=4397"},{"taxonomy":"post_tag","embeddable":true,"href":"https:\/\/precrisa.ca\/en\/wp-json\/wp\/v2\/tags?post=4397"}],"curies":[{"name":"wp","href":"https:\/\/api.w.org\/{rel}","templated":true}]}}