{"id":4283,"date":"2025-06-20T13:17:50","date_gmt":"2025-06-20T17:17:50","guid":{"rendered":"https:\/\/precrisa.ca\/?p=4283"},"modified":"2025-09-18T16:27:30","modified_gmt":"2025-09-18T20:27:30","slug":"ecole-dautomne-2025-une-opportunite-exclusive-pour-les-membres-du-precrisa","status":"publish","type":"post","link":"https:\/\/precrisa.ca\/en\/nouvelles\/ecole-dautomne-2025-une-opportunite-exclusive-pour-les-membres-du-precrisa\/","title":{"rendered":"\u00c9cole d\u2019automne 2025 : Une opportunit\u00e9 exclusive pour les membres du Pr\u00e9crisa !"},"content":{"rendered":"<p><strong>\u00c9cole d\u2019automne 2025 : Une opportunit\u00e9 exclusive pour les membres du Pr\u00e9crisa !<\/strong><br><br>Du&nbsp;<strong>20 au 24 octobre 2025<\/strong>, se tiendra \u00e0 l\u2019\u00c9NAP \u2013 Campus de Montr\u00e9al, l\u2019<strong>\u00c9cole d\u2019automne sur la coproduction des services publics<\/strong>, un \u00e9v\u00e9nement de formation intensive r\u00e9unissant des conf\u00e9rencier\u00b7\u00e8re\u00b7s locaux et internationaux. Cet \u00e9v\u00e9nement permettra aux participant\u00b7e\u00b7s de d\u00e9velopper leurs comp\u00e9tences en leadership, en innovation et en gestion publique participative, \u00e0 travers des ateliers collaboratifs et des \u00e9changes riches.<\/p>\n\n\n\n<p><strong>Un privil\u00e8ge r\u00e9serv\u00e9 aux membres du Pr\u00e9crisa<\/strong><br>Gr\u00e2ce \u00e0 la mobilisation de nos coll\u00e8gues et co-organisatrices de l\u2019\u00e9v\u00e9nement, Audrey L\u2019Esp\u00e9rance et Marie-Christine Therrien, nous avons le plaisir d\u2019offrir&nbsp;<strong>15 places r\u00e9serv\u00e9es exclusivement<\/strong>&nbsp;(frais d\u2019inscription d\u00e9j\u00e0 couverts !) aux membres de notre r\u00e9seau.<\/p>\n\n\n\n<p><strong>Attention<\/strong>\u00a0: Il ne faut\u00a0<strong>pas<\/strong>\u00a0s\u2019inscrire via la plateforme officielle. Pour manifester votre int\u00e9r\u00eat, il suffit de nous \u00e9crire \u00e0\u00a0<a href=\"mailto:precrisa@uqar.ca\">precrisa@uqar.ca<\/a>. Si les demandes d\u00e9passent le nombre de places disponibles, un tirage au sort aura lieu.<\/p>\n\n\n\n<p>Nous demandons aux personnes s\u00e9lectionn\u00e9es de vous engager \u00e0 participer activement aux&nbsp;<strong>quatre journ\u00e9es de formation, pr\u00e9vues du 20 au 23 octobre<\/strong>. Nous vous encourageons \u00e9galement \u00e0 partager les apprentissages acquis au sein de votre organisation et r\u00e9seau.<\/p>\n\n\n\n<p>D\u00e9tails de l\u2019\u00e9v\u00e9nement :&nbsp;<a href=\"https:\/\/atelierpointscienc.wixsite.com\/ecoleautomne\" target=\"_blank\" rel=\"noreferrer noopener\">https:\/\/atelierpointscienc.wixsite.com\/ecoleautomne<\/a><\/p>\n\n\n\n<p>Pour toute question ou pour manifester votre int\u00e9r\u00eat :&nbsp;<a href=\"mailto:precrisa@uqar.ca\">precrisa@uqar.ca<\/a><\/p>","protected":false},"excerpt":{"rendered":"<p>Nous avons le plaisir d\u2019offrir\u00a015 places r\u00e9serv\u00e9es exclusivement\u00a0(frais d\u2019inscription d\u00e9j\u00e0 couverts!) aux membres de notre r\u00e9seau.<\/p>","protected":false},"author":1,"featured_media":4292,"comment_status":"closed","ping_status":"closed","sticky":false,"template":"","format":"standard","meta":{"_seopress_robots_primary_cat":"none","_seopress_titles_title":"","_seopress_titles_desc":"","_seopress_robots_index":"","_et_pb_use_builder":"off","_et_pb_old_content":"","_et_gb_content_width":"","_jetpack_memberships_contains_paid_content":false,"footnotes":""},"categories":[2],"tags":[],"class_list":["post-4283","post","type-post","status-publish","format-standard","has-post-thumbnail","hentry","category-general"],"jetpack_featured_media_url":"https:\/\/precrisa.ca\/wp-content\/uploads\/2025\/06\/ecole-automne.jpg","jetpack_sharing_enabled":true,"_links":{"self":[{"href":"https:\/\/precrisa.ca\/en\/wp-json\/wp\/v2\/posts\/4283","targetHints":{"allow":["GET"]}}],"collection":[{"href":"https:\/\/precrisa.ca\/en\/wp-json\/wp\/v2\/posts"}],"about":[{"href":"https:\/\/precrisa.ca\/en\/wp-json\/wp\/v2\/types\/post"}],"author":[{"embeddable":true,"href":"https:\/\/precrisa.ca\/en\/wp-json\/wp\/v2\/users\/1"}],"replies":[{"embeddable":true,"href":"https:\/\/precrisa.ca\/en\/wp-json\/wp\/v2\/comments?post=4283"}],"version-history":[{"count":6,"href":"https:\/\/precrisa.ca\/en\/wp-json\/wp\/v2\/posts\/4283\/revisions"}],"predecessor-version":[{"id":4599,"href":"https:\/\/precrisa.ca\/en\/wp-json\/wp\/v2\/posts\/4283\/revisions\/4599"}],"wp:featuredmedia":[{"embeddable":true,"href":"https:\/\/precrisa.ca\/en\/wp-json\/wp\/v2\/media\/4292"}],"wp:attachment":[{"href":"https:\/\/precrisa.ca\/en\/wp-json\/wp\/v2\/media?parent=4283"}],"wp:term":[{"taxonomy":"category","embeddable":true,"href":"https:\/\/precrisa.ca\/en\/wp-json\/wp\/v2\/categories?post=4283"},{"taxonomy":"post_tag","embeddable":true,"href":"https:\/\/precrisa.ca\/en\/wp-json\/wp\/v2\/tags?post=4283"}],"curies":[{"name":"wp","href":"https:\/\/api.w.org\/{rel}","templated":true}]}}