{"id":4079,"date":"2025-04-13T14:54:31","date_gmt":"2025-04-13T18:54:31","guid":{"rendered":"https:\/\/precrisa.ca\/?p=4079"},"modified":"2025-04-13T14:54:33","modified_gmt":"2025-04-13T18:54:33","slug":"formation-plonger-au-coeur-des-approches-ecosystemiques-de-la-sante","status":"publish","type":"post","link":"https:\/\/precrisa.ca\/en\/nouvelles\/formation-plonger-au-coeur-des-approches-ecosystemiques-de-la-sante\/","title":{"rendered":"Formation : Plonger au c\u0153ur des approches \u00e9cosyst\u00e9miques de la sant\u00e9"},"content":{"rendered":"<p><strong>Formation : Plonger au c\u0153ur des approches \u00e9cosyst\u00e9miques de la sant\u00e9<\/strong><\/p>\n\n\n\n<p>Dans un contexte de polycrise mondiale, o\u00f9 les liens entre sant\u00e9, environnement et \u00e9quit\u00e9 deviennent cruciaux, une formation intensive unique en son genre est offerte au printemps 2025. Cette formation propose d&#8217;explorer les&nbsp;<strong>approches \u00e9cosyst\u00e9miques de la sant\u00e9<\/strong>, une perspective transdisciplinaire, ancr\u00e9e dans l\u2019action et la participation, qui vise \u00e0 comprendre et \u00e0 transformer les syst\u00e8mes complexes influen\u00e7ant la sant\u00e9.<\/p>\n\n\n\n<p>Anim\u00e9e par une \u00e9quipe d\u2019expertes et d\u2019experts chevronn\u00e9s, cette formation s\u2019adresse aux&nbsp;<strong>\u00e9tudiantes et \u00e9tudiants aux cycles sup\u00e9rieurs<\/strong>&nbsp;de toutes disciplines, ainsi qu\u2019aux&nbsp;<strong>professionnel\u00b7le\u00b7s interpell\u00e9\u00b7e\u00b7s par ces enjeux<\/strong>. Elle combine webinaires, ateliers, lectures, sorties sur le terrain et \u00e9tudes de cas, dans une approche p\u00e9dagogique novatrice r\u00e9cemment pr\u00e9sent\u00e9e dans&nbsp;<em>The Lancet Planetary Health<\/em>.<\/p>\n\n\n\n<p>Le th\u00e8me 2025?&nbsp;<strong>Relations mutuellement b\u00e9n\u00e9fiques, territoire et sant\u00e9<\/strong>, avec un projet terrain centr\u00e9 sur la fili\u00e8re batterie au Qu\u00e9bec. Une occasion de r\u00e9fl\u00e9chir collectivement aux enjeux de la transition socio\u00e9cologique.<\/p>\n\n\n\n<p>Deux formats sont possibles :<\/p>\n\n\n\n<ul class=\"wp-block-list\">\n<li>Le\u00a0<strong>cours complet<\/strong>, cr\u00e9dit\u00e9 dans l\u2019une des trois universit\u00e9s partenaires (INRS, University of Guelph, UNBC)<\/li>\n\n\n\n<li>La\u00a0<strong>s\u00e9rie de webinaires<\/strong>, ouverte \u00e0 toutes et tous, avec certificat de participation<\/li>\n<\/ul>\n\n\n\n<p><strong>Webinaires<\/strong> : chaque mardi et jeudi, du 8 mai au 3 juin, de 13h \u00e0 15h (HAE)<br><strong>Infos et inscriptions<\/strong> :\u00a0<a href=\"https:\/\/www.copeh-canada.org\/\" target=\"_blank\" rel=\"noreferrer noopener\">site web de CoPEH-Canada<\/a><br><strong>Contact principal<\/strong> : Jena Webb \u2013\u00a0<a href=\"mailto:copehcanada@gmail.com\">copehcanada@gmail.com<\/a><\/p>","protected":false},"excerpt":{"rendered":"<p>Anim\u00e9e par une \u00e9quipe d\u2019expertes et d\u2019experts chevronn\u00e9s, cette formation s\u2019adresse aux\u00a0\u00e9tudiantes et \u00e9tudiants aux cycles sup\u00e9rieurs\u00a0de toutes disciplines, ainsi qu\u2019aux\u00a0professionnel\u00b7le\u00b7s interpell\u00e9\u00b7e\u00b7s par ces enjeux. <\/p>","protected":false},"author":1,"featured_media":4084,"comment_status":"closed","ping_status":"closed","sticky":false,"template":"","format":"standard","meta":{"_seopress_robots_primary_cat":"none","_seopress_titles_title":"","_seopress_titles_desc":"","_seopress_robots_index":"","_et_pb_use_builder":"off","_et_pb_old_content":"","_et_gb_content_width":"","_jetpack_memberships_contains_paid_content":false,"footnotes":""},"categories":[2],"tags":[],"class_list":["post-4079","post","type-post","status-publish","format-standard","has-post-thumbnail","hentry","category-general"],"jetpack_featured_media_url":"https:\/\/precrisa.ca\/wp-content\/uploads\/2025\/04\/approches-ecosystemiques-de-la-sante.jpg","jetpack_sharing_enabled":true,"_links":{"self":[{"href":"https:\/\/precrisa.ca\/en\/wp-json\/wp\/v2\/posts\/4079","targetHints":{"allow":["GET"]}}],"collection":[{"href":"https:\/\/precrisa.ca\/en\/wp-json\/wp\/v2\/posts"}],"about":[{"href":"https:\/\/precrisa.ca\/en\/wp-json\/wp\/v2\/types\/post"}],"author":[{"embeddable":true,"href":"https:\/\/precrisa.ca\/en\/wp-json\/wp\/v2\/users\/1"}],"replies":[{"embeddable":true,"href":"https:\/\/precrisa.ca\/en\/wp-json\/wp\/v2\/comments?post=4079"}],"version-history":[{"count":1,"href":"https:\/\/precrisa.ca\/en\/wp-json\/wp\/v2\/posts\/4079\/revisions"}],"predecessor-version":[{"id":4085,"href":"https:\/\/precrisa.ca\/en\/wp-json\/wp\/v2\/posts\/4079\/revisions\/4085"}],"wp:featuredmedia":[{"embeddable":true,"href":"https:\/\/precrisa.ca\/en\/wp-json\/wp\/v2\/media\/4084"}],"wp:attachment":[{"href":"https:\/\/precrisa.ca\/en\/wp-json\/wp\/v2\/media?parent=4079"}],"wp:term":[{"taxonomy":"category","embeddable":true,"href":"https:\/\/precrisa.ca\/en\/wp-json\/wp\/v2\/categories?post=4079"},{"taxonomy":"post_tag","embeddable":true,"href":"https:\/\/precrisa.ca\/en\/wp-json\/wp\/v2\/tags?post=4079"}],"curies":[{"name":"wp","href":"https:\/\/api.w.org\/{rel}","templated":true}]}}