{"id":4078,"date":"2025-04-13T14:45:38","date_gmt":"2025-04-13T18:45:38","guid":{"rendered":"https:\/\/precrisa.ca\/?p=4078"},"modified":"2025-04-13T14:45:40","modified_gmt":"2025-04-13T18:45:40","slug":"bienvenue-a-caroline-kilsdonk-dans-lequipe-de-coordination-du-reseau-precrisa","status":"publish","type":"post","link":"https:\/\/precrisa.ca\/en\/nouvelles\/bienvenue-a-caroline-kilsdonk-dans-lequipe-de-coordination-du-reseau-precrisa\/","title":{"rendered":"Bienvenue \u00e0 Caroline Kilsdonk dans l\u2019\u00e9quipe de coordination du R\u00e9seau Pr\u00e9crisa!"},"content":{"rendered":"<p><strong>Bienvenue \u00e0 Caroline Kilsdonk dans l\u2019\u00e9quipe de coordination du R\u00e9seau Pr\u00e9crisa!<\/strong><br><br>Le R\u00e9seau Pr\u00e9crisa est tr\u00e8s heureux d\u2019annoncer l\u2019arriv\u00e9e de Caroline Kilsdonk au sein de son \u00e9quipe de coordination. M\u00e9decin v\u00e9t\u00e9rinaire, bio\u00e9thicienne et communicatrice scientifique engag\u00e9e, Caroline se distingue par un parcours riche et ancr\u00e9 dans l\u2019action, la r\u00e9flexion \u00e9thique et la transmission des savoirs.<\/p>\n\n\n\n<p>Anim\u00e9e par des valeurs de service \u00e0 la communaut\u00e9, elle poss\u00e8de une expertise vari\u00e9e allant des sciences m\u00e9dicales et humaines \u00e0 la gouvernance et \u00e0 l\u2019\u00e9ducation. Ses champs d\u2019int\u00e9r\u00eat touchent notamment \u00e0 l\u2019\u00e9thique, \u00e0 la relation humain-animal, \u00e0 la sant\u00e9 publique, \u00e0 la vulgarisation scientifique et \u00e0 l\u2019approche Une seule sant\u00e9, qui relie la sant\u00e9 humaine, animale et environnementale.<\/p>\n\n\n\n<p>Caroline a \u00e9t\u00e9 pr\u00e9sidente de l\u2019Ordre des m\u00e9decins v\u00e9t\u00e9rinaires du Qu\u00e9bec de 2017 \u00e0 2020, une fonction dans laquelle elle s\u2019est d\u00e9marqu\u00e9e par sa rigueur, son approche humaine, et son sens aigu de l\u2019\u00e9thique organisationnelle. Elle a aussi exerc\u00e9 en pratique v\u00e9t\u00e9rinaire, enseign\u00e9 pendant plus de dix ans et \u0153uvr\u00e9 comme consultante en comportement animal et formatrice en milieu de travail.<\/p>\n\n\n\n<p>Toute l\u2019\u00e9quipe est enthousiaste de pouvoir compter sur son regard \u00e9clair\u00e9, son leadership bienveillant et son engagement sinc\u00e8re pour soutenir la mission du R\u00e9seau Pr\u00e9crisa.<\/p>\n\n\n\n<p>Bienvenue Caroline!<\/p>","protected":false},"excerpt":{"rendered":"<p>Le R\u00e9seau Pr\u00e9crisa est tr\u00e8s heureux d\u2019annoncer l\u2019arriv\u00e9e de Caroline Kilsdonk au sein de son \u00e9quipe de coordination. M\u00e9decin v\u00e9t\u00e9rinaire, bio\u00e9thicienne et communicatrice scientifique engag\u00e9e, Caroline se distingue par un parcours riche et ancr\u00e9 dans l\u2019action, la r\u00e9flexion \u00e9thique et la transmission des savoirs.<\/p>","protected":false},"author":1,"featured_media":4082,"comment_status":"closed","ping_status":"closed","sticky":false,"template":"","format":"standard","meta":{"_seopress_robots_primary_cat":"none","_seopress_titles_title":"","_seopress_titles_desc":"","_seopress_robots_index":"","_et_pb_use_builder":"off","_et_pb_old_content":"","_et_gb_content_width":"","_jetpack_memberships_contains_paid_content":false,"footnotes":""},"categories":[2],"tags":[],"class_list":["post-4078","post","type-post","status-publish","format-standard","has-post-thumbnail","hentry","category-general"],"jetpack_featured_media_url":"https:\/\/precrisa.ca\/wp-content\/uploads\/2025\/04\/CarolineKilsdonk.png","jetpack_sharing_enabled":true,"_links":{"self":[{"href":"https:\/\/precrisa.ca\/en\/wp-json\/wp\/v2\/posts\/4078","targetHints":{"allow":["GET"]}}],"collection":[{"href":"https:\/\/precrisa.ca\/en\/wp-json\/wp\/v2\/posts"}],"about":[{"href":"https:\/\/precrisa.ca\/en\/wp-json\/wp\/v2\/types\/post"}],"author":[{"embeddable":true,"href":"https:\/\/precrisa.ca\/en\/wp-json\/wp\/v2\/users\/1"}],"replies":[{"embeddable":true,"href":"https:\/\/precrisa.ca\/en\/wp-json\/wp\/v2\/comments?post=4078"}],"version-history":[{"count":1,"href":"https:\/\/precrisa.ca\/en\/wp-json\/wp\/v2\/posts\/4078\/revisions"}],"predecessor-version":[{"id":4083,"href":"https:\/\/precrisa.ca\/en\/wp-json\/wp\/v2\/posts\/4078\/revisions\/4083"}],"wp:featuredmedia":[{"embeddable":true,"href":"https:\/\/precrisa.ca\/en\/wp-json\/wp\/v2\/media\/4082"}],"wp:attachment":[{"href":"https:\/\/precrisa.ca\/en\/wp-json\/wp\/v2\/media?parent=4078"}],"wp:term":[{"taxonomy":"category","embeddable":true,"href":"https:\/\/precrisa.ca\/en\/wp-json\/wp\/v2\/categories?post=4078"},{"taxonomy":"post_tag","embeddable":true,"href":"https:\/\/precrisa.ca\/en\/wp-json\/wp\/v2\/tags?post=4078"}],"curies":[{"name":"wp","href":"https:\/\/api.w.org\/{rel}","templated":true}]}}