{"id":4057,"date":"2025-04-02T21:46:22","date_gmt":"2025-04-03T01:46:22","guid":{"rendered":"https:\/\/precrisa.ca\/?p=4057"},"modified":"2025-04-02T21:47:13","modified_gmt":"2025-04-03T01:47:13","slug":"bienvenue-a-micheline-najm-nouvelle-membre-de-lequipe-de-coordination-du-reseau-precrisa","status":"publish","type":"post","link":"https:\/\/precrisa.ca\/en\/nouvelles\/bienvenue-a-micheline-najm-nouvelle-membre-de-lequipe-de-coordination-du-reseau-precrisa\/","title":{"rendered":"Bienvenue \u00e0 Micheline Najm, nouvelle membre de l\u2019\u00e9quipe de coordination du R\u00e9seau Pr\u00e9crisa!"},"content":{"rendered":"<h2 class=\"wp-block-heading\">Bienvenue \u00e0 Micheline Najm, nouvelle membre de l\u2019\u00e9quipe de coordination du R\u00e9seau Pr\u00e9crisa!<\/h2>\n\n\n\n<p>Nous avons le plaisir d\u2019annoncer l\u2019arriv\u00e9e de Micheline Najm au sein de l\u2019\u00e9quipe de coordination du R\u00e9seau Pr\u00e9crisa depuis le 31 mars dernier. Micheline rejoint notre \u00e9quipe avec une riche exp\u00e9rience dans le domaine de la sant\u00e9 publique, et nous sommes ravis de l\u2019accueillir!<\/p>\n\n\n\n<p>D\u00e9tentrice d&#8217;un baccalaur\u00e9at en physioth\u00e9rapie et d&#8217;une ma\u00eetrise en sant\u00e9 publique avec une sp\u00e9cialisation en promotion de la sant\u00e9, Micheline poss\u00e8de une solide expertise qui allie soins cliniques et approche globale de la sant\u00e9. Elle a travaill\u00e9 pendant 15 ans comme physioth\u00e9rapeute en pratique priv\u00e9e avant de se tourner vers des r\u00f4les acad\u00e9miques, notamment en tant que tutrice \u00e0 la facult\u00e9 de pharmacie de l&#8217;Universit\u00e9 de Montr\u00e9al.<\/p>\n\n\n\n<p>Micheline a \u00e9galement r\u00e9cemment compl\u00e9t\u00e9 un contrat de 4 ans en tant qu\u2019analyste de recherche \u00e0 l&#8217;Agence de la sant\u00e9 publique du Canada, o\u00f9 elle a contribu\u00e9 de mani\u00e8re significative \u00e0 l&#8217;Initiative Science en Fran\u00e7ais (ISF) et \u00e0 d&#8217;autres activit\u00e9s de mobilisation des connaissances. Son expertise en sant\u00e9 publique sera un atout pr\u00e9cieux pour le R\u00e9seau Pr\u00e9crisa.<\/p>\n\n\n\n<p>Nous sommes enthousiastes de travailler avec Micheline et sommes convaincus qu&#8217;elle apportera une grande valeur ajout\u00e9e \u00e0 notre \u00e9quipe.<\/p>\n\n\n\n<p>Encore une fois, bienvenue \u00e0 Micheline Najm!<\/p>","protected":false},"excerpt":{"rendered":"<p>Nous avons le plaisir d\u2019annoncer l\u2019arriv\u00e9e de Micheline Najm au sein de l\u2019\u00e9quipe de coordination du R\u00e9seau Pr\u00e9crisa depuis le 31 mars dernier. Micheline rejoint notre \u00e9quipe avec une riche exp\u00e9rience dans le domaine de la sant\u00e9 publique, et nous sommes ravis de l\u2019accueillir !<\/p>","protected":false},"author":1,"featured_media":4059,"comment_status":"closed","ping_status":"closed","sticky":false,"template":"","format":"standard","meta":{"_seopress_robots_primary_cat":"none","_seopress_titles_title":"","_seopress_titles_desc":"","_seopress_robots_index":"","_et_pb_use_builder":"off","_et_pb_old_content":"","_et_gb_content_width":"","_jetpack_memberships_contains_paid_content":false,"footnotes":""},"categories":[2],"tags":[],"class_list":["post-4057","post","type-post","status-publish","format-standard","has-post-thumbnail","hentry","category-general"],"jetpack_featured_media_url":"https:\/\/precrisa.ca\/wp-content\/uploads\/2025\/04\/banniere-micheline.jpg","jetpack_sharing_enabled":true,"_links":{"self":[{"href":"https:\/\/precrisa.ca\/en\/wp-json\/wp\/v2\/posts\/4057","targetHints":{"allow":["GET"]}}],"collection":[{"href":"https:\/\/precrisa.ca\/en\/wp-json\/wp\/v2\/posts"}],"about":[{"href":"https:\/\/precrisa.ca\/en\/wp-json\/wp\/v2\/types\/post"}],"author":[{"embeddable":true,"href":"https:\/\/precrisa.ca\/en\/wp-json\/wp\/v2\/users\/1"}],"replies":[{"embeddable":true,"href":"https:\/\/precrisa.ca\/en\/wp-json\/wp\/v2\/comments?post=4057"}],"version-history":[{"count":3,"href":"https:\/\/precrisa.ca\/en\/wp-json\/wp\/v2\/posts\/4057\/revisions"}],"predecessor-version":[{"id":4062,"href":"https:\/\/precrisa.ca\/en\/wp-json\/wp\/v2\/posts\/4057\/revisions\/4062"}],"wp:featuredmedia":[{"embeddable":true,"href":"https:\/\/precrisa.ca\/en\/wp-json\/wp\/v2\/media\/4059"}],"wp:attachment":[{"href":"https:\/\/precrisa.ca\/en\/wp-json\/wp\/v2\/media?parent=4057"}],"wp:term":[{"taxonomy":"category","embeddable":true,"href":"https:\/\/precrisa.ca\/en\/wp-json\/wp\/v2\/categories?post=4057"},{"taxonomy":"post_tag","embeddable":true,"href":"https:\/\/precrisa.ca\/en\/wp-json\/wp\/v2\/tags?post=4057"}],"curies":[{"name":"wp","href":"https:\/\/api.w.org\/{rel}","templated":true}]}}