{"id":4039,"date":"2025-04-02T21:43:35","date_gmt":"2025-04-03T01:43:35","guid":{"rendered":"https:\/\/precrisa.ca\/?p=4039"},"modified":"2025-04-02T21:45:00","modified_gmt":"2025-04-03T01:45:00","slug":"helene-carabin-co-directrice-du-reseau-precrisa-siegera-au-comite-consultatif-sur-les-sciences-de-laspc","status":"publish","type":"post","link":"https:\/\/precrisa.ca\/en\/nouvelles\/helene-carabin-co-directrice-du-reseau-precrisa-siegera-au-comite-consultatif-sur-les-sciences-de-laspc\/","title":{"rendered":"H\u00e9l\u00e8ne Carabin, co-directrice du R\u00e9seau Pr\u00e9crisa, si\u00e9gera au Comit\u00e9 consultatif sur les sciences de l\u2019ASPC"},"content":{"rendered":"<h2 class=\"wp-block-heading\">H\u00e9l\u00e8ne Carabin, co-directrice du R\u00e9seau Pr\u00e9crisa, si\u00e9gera au Comit\u00e9 consultatif sur les sciences de l\u2019ASPC<\/h2>\n\n\n\n<p>Nous avons le plaisir d&#8217;annoncer que H\u00e9l\u00e8ne Carabin, co-directrice du R\u00e9seau Pr\u00e9crisa et professeure \u00e0 l\u2019Universit\u00e9 de Montr\u00e9al, a \u00e9t\u00e9 s\u00e9lectionn\u00e9e pour si\u00e9ger au nouveau Comit\u00e9 consultatif externe sur les sciences de l\u2019Agence de la sant\u00e9 publique du Canada (ASPC). Ce comit\u00e9, mis en place en d\u00e9but d\u2019ann\u00e9e, a pour mission de fournir des conseils scientifiques de qualit\u00e9 et impartiaux pour soutenir les priorit\u00e9s de recherche et de sant\u00e9 publique de l\u2019ASPC.<\/p>\n\n\n\n<p>H\u00e9l\u00e8ne Carabin, professeure au D\u00e9partement de pathologie et microbiologie de la Facult\u00e9 de m\u00e9decine v\u00e9t\u00e9rinaire et au D\u00e9partement de m\u00e9decine sociale et pr\u00e9ventive de l\u2019\u00c9cole de sant\u00e9 publique de l\u2019Universit\u00e9 de Montr\u00e9al, est une experte reconnue en zoonoses, ces maladies infectieuses transmises des animaux aux humains. Elle m\u00e8ne des recherches pour mieux comprendre ces pathologies et d\u00e9velopper des programmes de pr\u00e9vention, notamment dans une perspective Une seule sant\u00e9, qui prend en compte les facteurs comportementaux, sociaux, environnementaux et animaux.<\/p>\n\n\n\n<p>Cette nomination souligne l\u2019importance de l\u2019engagement des chercheurs en sant\u00e9 publique et t\u00e9moigne de la contribution essentielle de H\u00e9l\u00e8ne Carabin \u00e0 l\u2019\u00e9laboration de politiques de sant\u00e9 fond\u00e9es sur des donn\u00e9es probantes, en collaboration avec des experts de divers domaines scientifiques.<\/p>\n\n\n\n<p>Nous f\u00e9licitons chaleureusement H\u00e9l\u00e8ne Carabin pour cette nomination, qui refl\u00e8te son expertise et son engagement envers la sant\u00e9 publique.<\/p>\n\n\n\n<p><strong>\u00c0 propos du Comit\u00e9 consultatif externe sur les sciences<\/strong><\/p>\n\n\n\n<p>Le Comit\u00e9 consultatif externe sur les sciences de l\u2019ASPC r\u00e9unit des experts issus de divers domaines tels que l\u2019\u00e9pid\u00e9miologie, les sciences sociales et la politique de sant\u00e9, afin de fournir des conseils sur le programme scientifique de l&#8217;Agence. Ces experts publieront des rapports et des d\u00e9clarations qui refl\u00e8teront leurs \u00e9valuations et le consensus du comit\u00e9.<\/p>","protected":false},"excerpt":{"rendered":"<p>H\u00e9l\u00e8ne Carabin, co-directrice du R\u00e9seau Pr\u00e9crisa et professeure \u00e0 l\u2019Universit\u00e9 de Montr\u00e9al, a \u00e9t\u00e9 s\u00e9lectionn\u00e9e pour si\u00e9ger au nouveau Comit\u00e9 consultatif externe sur les sciences de l\u2019Agence de la sant\u00e9 publique du Canada (ASPC).<\/p>","protected":false},"author":1,"featured_media":4054,"comment_status":"closed","ping_status":"closed","sticky":false,"template":"","format":"standard","meta":{"_seopress_robots_primary_cat":"none","_seopress_titles_title":"","_seopress_titles_desc":"","_seopress_robots_index":"","_et_pb_use_builder":"off","_et_pb_old_content":"","_et_gb_content_width":"","_jetpack_memberships_contains_paid_content":false,"footnotes":""},"categories":[2],"tags":[],"class_list":["post-4039","post","type-post","status-publish","format-standard","has-post-thumbnail","hentry","category-general"],"jetpack_featured_media_url":"https:\/\/precrisa.ca\/wp-content\/uploads\/2025\/04\/banniere-helene.jpg","jetpack_sharing_enabled":true,"_links":{"self":[{"href":"https:\/\/precrisa.ca\/en\/wp-json\/wp\/v2\/posts\/4039","targetHints":{"allow":["GET"]}}],"collection":[{"href":"https:\/\/precrisa.ca\/en\/wp-json\/wp\/v2\/posts"}],"about":[{"href":"https:\/\/precrisa.ca\/en\/wp-json\/wp\/v2\/types\/post"}],"author":[{"embeddable":true,"href":"https:\/\/precrisa.ca\/en\/wp-json\/wp\/v2\/users\/1"}],"replies":[{"embeddable":true,"href":"https:\/\/precrisa.ca\/en\/wp-json\/wp\/v2\/comments?post=4039"}],"version-history":[{"count":4,"href":"https:\/\/precrisa.ca\/en\/wp-json\/wp\/v2\/posts\/4039\/revisions"}],"predecessor-version":[{"id":4056,"href":"https:\/\/precrisa.ca\/en\/wp-json\/wp\/v2\/posts\/4039\/revisions\/4056"}],"wp:featuredmedia":[{"embeddable":true,"href":"https:\/\/precrisa.ca\/en\/wp-json\/wp\/v2\/media\/4054"}],"wp:attachment":[{"href":"https:\/\/precrisa.ca\/en\/wp-json\/wp\/v2\/media?parent=4039"}],"wp:term":[{"taxonomy":"category","embeddable":true,"href":"https:\/\/precrisa.ca\/en\/wp-json\/wp\/v2\/categories?post=4039"},{"taxonomy":"post_tag","embeddable":true,"href":"https:\/\/precrisa.ca\/en\/wp-json\/wp\/v2\/tags?post=4039"}],"curies":[{"name":"wp","href":"https:\/\/api.w.org\/{rel}","templated":true}]}}