{"id":4027,"date":"2025-04-04T14:03:46","date_gmt":"2025-04-04T18:03:46","guid":{"rendered":"https:\/\/precrisa.ca\/?p=4027"},"modified":"2025-04-17T14:17:07","modified_gmt":"2025-04-17T18:17:07","slug":"colloque-etudiant-sur-les-methodes-quantitatives-en-sante-inscription-ouverte","status":"publish","type":"post","link":"https:\/\/precrisa.ca\/en\/nouvelles\/colloque-etudiant-sur-les-methodes-quantitatives-en-sante-inscription-ouverte\/","title":{"rendered":"Colloque \u00e9tudiant sur les M\u00e9thodes Quantitatives en Sant\u00e9 \u2013 Inscription ouverte !"},"content":{"rendered":"<p>Nous sommes heureux de vous informer de l&#8217;ouverture des inscriptions et des soumissions de r\u00e9sum\u00e9s pour la premi\u00e8re \u00e9dition du&nbsp;<strong>Colloque \u00e9tudiant sur les M\u00e9thodes Quantitatives en Sant\u00e9<\/strong>, qui se tiendra le&nbsp;<strong>24 avril 2025<\/strong>&nbsp;\u00e0 l\u2019\u00c9cole de sant\u00e9 publique de l\u2019Universit\u00e9 de Montr\u00e9al (ESPUM).<\/p>\n\n\n\n<p>Cet \u00e9v\u00e9nement, qui rassemblera \u00e9tudiants, chercheurs et professionnels, portera sur des sujets innovants en biostatistique, \u00e9pid\u00e9miologie, intelligence artificielle et mod\u00e9lisation appliqu\u00e9es \u00e0 la sant\u00e9. Une excellente occasion pour les participants d\u2019\u00e9changer sur les avanc\u00e9es m\u00e9thodologiques dans ces domaines, tout en ayant l&#8217;opportunit\u00e9 de d\u00e9couvrir de nouvelles perspectives et applications.<\/p>\n\n\n\n<p>Le colloque propose \u00e9galement une plateforme pour la pr\u00e9sentation des travaux \u00e9tudiants sous forme de&nbsp;<strong>pr\u00e9sentations orales<\/strong>&nbsp;ou&nbsp;<strong>affiches<\/strong>, et offrira des panels d\u2019experts ainsi que des moments d\u00e9di\u00e9s au&nbsp;<strong>r\u00e9seautage professionnel<\/strong>.<\/p>\n\n\n\n<p><strong>Appel \u00e0 communication<\/strong>\u00a0\u2013 Si vous \u00eates \u00e9tudiant.e ou jeune chercheur.e et que vous travaillez sur des m\u00e9thodes quantitatives appliqu\u00e9es \u00e0 la sant\u00e9, c&#8217;est l&#8217;occasion de valoriser vos travaux dans un cadre interdisciplinaire.<\/p>\n\n\n\n<ul class=\"wp-block-list\">\n<li><strong>Date limite de soumission des r\u00e9sum\u00e9s<\/strong>&nbsp;: 4 avril 2025<\/li>\n\n\n\n<li><strong>Soumettre un r\u00e9sum\u00e9<\/strong>&nbsp;:&nbsp;<a href=\"https:\/\/forms.office.com\/r\/NuxUupq9sF\" target=\"_blank\" rel=\"noreferrer noopener\">https:\/\/forms.office.com\/r\/NuxUupq9sF<\/a><\/li>\n<\/ul>\n\n\n\n<p><strong>Inscription au colloque<\/strong><\/p>\n\n\n\n<ul class=\"wp-block-list\">\n<li><strong>Pour vous inscrire<\/strong>\u00a0:\u00a0<a href=\"https:\/\/lu.ma\/xlnb9q04\" target=\"_blank\" rel=\"noreferrer noopener\">https:\/\/lu.ma\/xlnb9q04<\/a><\/li>\n<\/ul>\n\n\n\n<p>N&#8217;attendez plus pour rejoindre cet \u00e9v\u00e9nement incontournable pour tous ceux et celles qui souhaitent explorer les derni\u00e8res avanc\u00e9es des m\u00e9thodes quantitatives en sant\u00e9 !<\/p>","protected":false},"excerpt":{"rendered":"<p>Nous sommes heureux de vous informer de l&#8217;ouverture des inscriptions et des soumissions de r\u00e9sum\u00e9s pour la premi\u00e8re \u00e9dition du&nbsp;Colloque \u00e9tudiant sur les M\u00e9thodes Quantitatives en Sant\u00e9, qui se tiendra [&hellip;]<\/p>","protected":false},"author":1,"featured_media":4029,"comment_status":"closed","ping_status":"closed","sticky":false,"template":"","format":"standard","meta":{"_seopress_robots_primary_cat":"none","_seopress_titles_title":"","_seopress_titles_desc":"","_seopress_robots_index":"","_et_pb_use_builder":"","_et_pb_old_content":"","_et_gb_content_width":"","_jetpack_memberships_contains_paid_content":false,"footnotes":""},"categories":[2],"tags":[],"class_list":["post-4027","post","type-post","status-publish","format-standard","has-post-thumbnail","hentry","category-general"],"jetpack_featured_media_url":"https:\/\/precrisa.ca\/wp-content\/uploads\/2025\/03\/Colloque-etudiant-sur-les-Methodes-Quantitatives-en-Sante.jpeg","jetpack_sharing_enabled":true,"_links":{"self":[{"href":"https:\/\/precrisa.ca\/en\/wp-json\/wp\/v2\/posts\/4027","targetHints":{"allow":["GET"]}}],"collection":[{"href":"https:\/\/precrisa.ca\/en\/wp-json\/wp\/v2\/posts"}],"about":[{"href":"https:\/\/precrisa.ca\/en\/wp-json\/wp\/v2\/types\/post"}],"author":[{"embeddable":true,"href":"https:\/\/precrisa.ca\/en\/wp-json\/wp\/v2\/users\/1"}],"replies":[{"embeddable":true,"href":"https:\/\/precrisa.ca\/en\/wp-json\/wp\/v2\/comments?post=4027"}],"version-history":[{"count":2,"href":"https:\/\/precrisa.ca\/en\/wp-json\/wp\/v2\/posts\/4027\/revisions"}],"predecessor-version":[{"id":4031,"href":"https:\/\/precrisa.ca\/en\/wp-json\/wp\/v2\/posts\/4027\/revisions\/4031"}],"wp:featuredmedia":[{"embeddable":true,"href":"https:\/\/precrisa.ca\/en\/wp-json\/wp\/v2\/media\/4029"}],"wp:attachment":[{"href":"https:\/\/precrisa.ca\/en\/wp-json\/wp\/v2\/media?parent=4027"}],"wp:term":[{"taxonomy":"category","embeddable":true,"href":"https:\/\/precrisa.ca\/en\/wp-json\/wp\/v2\/categories?post=4027"},{"taxonomy":"post_tag","embeddable":true,"href":"https:\/\/precrisa.ca\/en\/wp-json\/wp\/v2\/tags?post=4027"}],"curies":[{"name":"wp","href":"https:\/\/api.w.org\/{rel}","templated":true}]}}