{"id":4010,"date":"2025-03-15T14:24:30","date_gmt":"2025-03-15T18:24:30","guid":{"rendered":"https:\/\/precrisa.ca\/?p=4010"},"modified":"2025-03-17T14:28:47","modified_gmt":"2025-03-17T18:28:47","slug":"lancement-reussi-de-la-communaute-intercom-un-pas-de-geant-vers-un-bien-etre-collectif-pour-les-jeunes","status":"publish","type":"post","link":"https:\/\/precrisa.ca\/en\/nouvelles\/lancement-reussi-de-la-communaute-intercom-un-pas-de-geant-vers-un-bien-etre-collectif-pour-les-jeunes\/","title":{"rendered":"Lancement r\u00e9ussi de la communaut\u00e9 InterCom : Un pas de g\u00e9ant vers un bien-\u00eatre collectif pour les jeunes"},"content":{"rendered":"<p>Le 12 mars 2025, un \u00e9v\u00e9nement marquant a eu lieu \u00e0 Laval, o\u00f9 la grande famille du Projet InterCom a c\u00e9l\u00e9br\u00e9 le lancement officiel de la&nbsp;<em>Communaut\u00e9 InterCom<\/em>. Cet \u00e9v\u00e9nement, qui s\u2019est d\u00e9roul\u00e9 \u00e0 L\u2019espace Le Tiers Lieu, a rassembl\u00e9 des intervenants, des professionnels, des \u00e9ducateurs, des chercheurs (notamment de notre axe individus, communaut\u00e9s et bien-\u00eatre) et des jeunes autour d&#8217;un objectif commun : co-construire des solutions collectives pour soutenir la jeunesse face aux d\u00e9fis sociaux actuels.<\/p>\n\n\n\n<p><strong>Une Journ\u00e9e Riche en \u00c9changes et Apprentissage<\/strong><\/p>\n\n\n\n<p>Pr\u00e8s de 60 participants ont pris part \u00e0 cette journ\u00e9e exceptionnelle, marqu\u00e9e par une s\u00e9rie d&#8217;activit\u00e9s inspirantes et d&#8217;\u00e9changes fructueux :<\/p>\n\n\n\n<ul class=\"wp-block-list\">\n<li>Une pr\u00e9sentation du Projet InterCom sur la n\u00e9cessit\u00e9 d&#8217;une r\u00e9ponse collective face aux crises sociales.<\/li>\n\n\n\n<li>Une conf\u00e9rence sur la sant\u00e9 mentale et l&#8217;auto-compassion, ouvrant la voie \u00e0 des discussions profondes.<\/li>\n\n\n\n<li>Un atelier interactif sur la communication bienveillante, offrant des strat\u00e9gies pratiques pour renforcer l\u2019\u00e9coute et la collaboration.<\/li>\n\n\n\n<li>Une exposition immersive mettant en lumi\u00e8re les impacts du Projet InterCom sur les jeunes et les milieux \u00e9ducatifs.<\/li>\n\n\n\n<li>Le d\u00e9voilement de l&#8217;InterTrousse, une bo\u00eete \u00e0 outils destin\u00e9e aux animateurs pour guider les ateliers sur les changements sociaux et l&#8217;engagement.<\/li>\n<\/ul>\n\n\n\n<p><strong>Un Engagement pour l&#8217;Avenir<\/strong><\/p>\n\n\n\n<p>Cette journ\u00e9e a \u00e9galement permis de cr\u00e9er un espace pour que les animateurs, chercheurs et jeunes puissent \u00e9changer sur leurs exp\u00e9riences et affiner leurs pratiques d\u2019interventions. Les t\u00e9moignages recueillis soulignent l&#8217;impact positif du projet et sa capacit\u00e9 \u00e0 rassembler une communaut\u00e9 de pratique autour des jeunes.<\/p>\n\n\n\n<p>\u00ab Un \u00e9v\u00e9nement inspirant et essentiel pour notre travail au quotidien \u00bb, ont d\u00e9clar\u00e9 plusieurs participants, qui ont aussi salu\u00e9 les outils pratiques et l&#8217;approche collaborative pr\u00e9sent\u00e9s.<\/p>\n\n\n\n<p><strong>Un Soutien Constant pour les Acteurs de Changement Social<\/strong><\/p>\n\n\n\n<p>Le Projet InterCom est soutenu depuis 2020 par des partenaires de poids, tels que l\u2019Universit\u00e9 de Montr\u00e9al, la Tourn\u00e9e \u00c9du4tive et le CISSS de Laval, et continue de d\u00e9velopper des ressources pour mieux r\u00e9pondre aux besoins des jeunes et des intervenants. Le soutien d&#8217;experts comme Roxane de la Sablonni\u00e8re, Caroline Lebeau et France Landry a permis de mettre en place des outils concrets et adapt\u00e9s \u00e0 la r\u00e9alit\u00e9 du terrain.<\/p>\n\n\n\n<p><strong>Et Apr\u00e8s ?<\/strong><\/p>\n\n\n\n<p>Fort de ce lancement r\u00e9ussi, la Communaut\u00e9 InterCom invite tous les acteurs de la soci\u00e9t\u00e9 \u00e0 rejoindre ce r\u00e9seau de pratiques collaboratives. Le projet pr\u00e9voit la mise en place de nouvelles formations, ateliers et ressources pour renforcer l\u2019engagement et la mobilisation autour des d\u00e9fis soci\u00e9taux actuels.<\/p>\n\n\n\n<p>Pour rejoindre la Communaut\u00e9 InterCom et acc\u00e9der \u00e0 toutes les ressources disponibles, visitez le site web <a href=\"https:\/\/www.projetintercom.ca\/fr\/\" target=\"_blank\" rel=\"noreferrer noopener\">projetintercom.ca<\/a>\u00a0ou contactez-les au\u00a0<a href=\"mailto:info@projetintercom.ca\">info@projetintercom.ca<\/a>.<\/p>\n\n\n\n<p>Le Projet InterCom continue de se positionner comme un catalyseur pour le changement social, un pont entre la recherche, la communaut\u00e9 et l\u2019intervention.<\/p>","protected":false},"excerpt":{"rendered":"<p>Le 12 mars 2025, un \u00e9v\u00e9nement marquant a eu lieu \u00e0 Laval, o\u00f9 la grande famille du Projet InterCom a c\u00e9l\u00e9br\u00e9 le lancement officiel de la&nbsp;Communaut\u00e9 InterCom. Cet \u00e9v\u00e9nement, qui [&hellip;]<\/p>","protected":false},"author":1,"featured_media":4012,"comment_status":"closed","ping_status":"closed","sticky":false,"template":"","format":"standard","meta":{"_seopress_robots_primary_cat":"none","_seopress_titles_title":"","_seopress_titles_desc":"","_seopress_robots_index":"","_et_pb_use_builder":"off","_et_pb_old_content":"","_et_gb_content_width":"","_jetpack_memberships_contains_paid_content":false,"footnotes":""},"categories":[2],"tags":[],"class_list":["post-4010","post","type-post","status-publish","format-standard","has-post-thumbnail","hentry","category-general"],"jetpack_featured_media_url":"https:\/\/precrisa.ca\/wp-content\/uploads\/2025\/03\/Lancement-InterCom-e1742236165288.jpg","jetpack_sharing_enabled":true,"_links":{"self":[{"href":"https:\/\/precrisa.ca\/en\/wp-json\/wp\/v2\/posts\/4010","targetHints":{"allow":["GET"]}}],"collection":[{"href":"https:\/\/precrisa.ca\/en\/wp-json\/wp\/v2\/posts"}],"about":[{"href":"https:\/\/precrisa.ca\/en\/wp-json\/wp\/v2\/types\/post"}],"author":[{"embeddable":true,"href":"https:\/\/precrisa.ca\/en\/wp-json\/wp\/v2\/users\/1"}],"replies":[{"embeddable":true,"href":"https:\/\/precrisa.ca\/en\/wp-json\/wp\/v2\/comments?post=4010"}],"version-history":[{"count":1,"href":"https:\/\/precrisa.ca\/en\/wp-json\/wp\/v2\/posts\/4010\/revisions"}],"predecessor-version":[{"id":4013,"href":"https:\/\/precrisa.ca\/en\/wp-json\/wp\/v2\/posts\/4010\/revisions\/4013"}],"wp:featuredmedia":[{"embeddable":true,"href":"https:\/\/precrisa.ca\/en\/wp-json\/wp\/v2\/media\/4012"}],"wp:attachment":[{"href":"https:\/\/precrisa.ca\/en\/wp-json\/wp\/v2\/media?parent=4010"}],"wp:term":[{"taxonomy":"category","embeddable":true,"href":"https:\/\/precrisa.ca\/en\/wp-json\/wp\/v2\/categories?post=4010"},{"taxonomy":"post_tag","embeddable":true,"href":"https:\/\/precrisa.ca\/en\/wp-json\/wp\/v2\/tags?post=4010"}],"curies":[{"name":"wp","href":"https:\/\/api.w.org\/{rel}","templated":true}]}}