{"id":3978,"date":"2025-03-03T22:59:01","date_gmt":"2025-03-04T02:59:01","guid":{"rendered":"https:\/\/precrisa.ca\/?p=3978"},"modified":"2025-03-04T02:10:45","modified_gmt":"2025-03-04T06:10:45","slug":"participez-a-notre-sondage-sur-la-communication-au-sein-du-reseau","status":"publish","type":"post","link":"https:\/\/precrisa.ca\/en\/nouvelles\/participez-a-notre-sondage-sur-la-communication-au-sein-du-reseau\/","title":{"rendered":"Participez \u00e0 notre sondage sur la communication au sein du R\u00e9seau"},"content":{"rendered":"<p>Dans le cadre de notre engagement continu \u00e0 pr\u00e9venir les crises en sant\u00e9 et \u00e0 renforcer la communication au sein de notre r\u00e9seau, nous entreprenons actuellement une refonte de notre plan de communication organisationnel. Afin de nous assurer que notre strat\u00e9gie r\u00e9ponde au mieux \u00e0 vos attentes, nous vous invitons \u00e0 participer \u00e0 un sondage sur la communication. Ce sondage a pour but de mieux comprendre vos habitudes et pr\u00e9f\u00e9rences en mati\u00e8re de communication, et de nous aider \u00e0 am\u00e9liorer l&#8217;efficacit\u00e9 de nos \u00e9changes.<\/p>\n\n\n\n<p>Participez au sondage :<br><a href=\"https:\/\/sondage.uqar.ca\/index.php\/231956?lang=fr\" target=\"_blank\" rel=\"noreferrer noopener\"><strong>Sondage sur la communication \u2013 R\u00e9seau Pr\u00e9crisa \u2013 F\u00e9vrier 2025<\/strong><\/a><\/p>\n\n\n\n<p>Votre avis compte \u00e9norm\u00e9ment pour nous ! Le sondage nous permettra de recueillir vos attentes concernant les contenus que nous partageons, ainsi que votre opinion sur notre pr\u00e9sence sur les plateformes sociales (comme X, Facebook et Instagram) dans le contexte des enjeux actuels. Les informations recueillies nous permettront de cr\u00e9er un plan de communication mieux adapt\u00e9 \u00e0 vos besoins et align\u00e9 avec les valeurs du R\u00e9seau Pr\u00e9crisa.<\/p>\n\n\n\n<p>Le sondage est anonyme, vos r\u00e9ponses resteront strictement confidentielles et il vous prendra seulement 5 \u00e0 10 minutes pour le compl\u00e9ter. Votre contribution nous sera pr\u00e9cieuse pour guider nos actions de communication \u00e0 l&#8217;avenir.<\/p>\n\n\n\n<p><strong>Fiche de membre<\/strong><\/p>\n\n\n\n<p>Nous encourageons nos membres \u00e0 mettre \u00e0 jour leur fiche de membre. Cette d\u00e9marche permet de mieux identifier les expertises et int\u00e9r\u00eats des <a href=\"https:\/\/precrisa.ca\/en\/membres\/\" data-type=\"link\" data-id=\"https:\/\/precrisa.ca\/membres\/\" target=\"_blank\" rel=\"noreferrer noopener\">membres du r\u00e9seau<\/a>, ce qui facilite les \u00e9changes et la mise en relation, notamment en p\u00e9riode de crise. Pour mettre \u00e0 jour votre profil et y ajouter des informations compl\u00e9mentaires, comme une photo professionnelle r\u00e9cente, <a href=\"https:\/\/precrisa.ca\/en\/connexion\/\" data-type=\"link\" data-id=\"https:\/\/precrisa.ca\/connexion\/\" target=\"_blank\" rel=\"noreferrer noopener\">connectez-vous ici<\/a>.<\/p>\n\n\n\n<p>Vous n&#8217;\u00eates pas encore membre? Vous pouvez vous inscrire en quelques minutes en vous rendant \u00e0 cette adresse : <a href=\"https:\/\/precrisa.ca\/en\/impliquer\/\" target=\"_blank\" rel=\"noreferrer noopener\">https:\/\/precrisa.ca\/impliquer\/<\/a><\/p>\n\n\n\n<p>Nous vous remercions d&#8217;avance pour le temps que vous consacrerez \u00e0 ces d\u00e9marches et pour votre collaboration pr\u00e9cieuse. Ensemble, nous contribuerons \u00e0 renforcer un R\u00e9seau Pr\u00e9crisa toujours plus r\u00e9actif et engag\u00e9 dans la pr\u00e9vention des crises en sant\u00e9.<\/p>","protected":false},"excerpt":{"rendered":"<p>Ce sondage a pour but de mieux comprendre vos habitudes et pr\u00e9f\u00e9rences en mati\u00e8re de communication, et de nous aider \u00e0 am\u00e9liorer l&#8217;efficacit\u00e9 de nos \u00e9changes.<\/p>","protected":false},"author":1,"featured_media":3980,"comment_status":"closed","ping_status":"closed","sticky":false,"template":"","format":"standard","meta":{"_seopress_robots_primary_cat":"none","_seopress_titles_title":"","_seopress_titles_desc":"","_seopress_robots_index":"","_et_pb_use_builder":"off","_et_pb_old_content":"","_et_gb_content_width":"","_jetpack_memberships_contains_paid_content":false,"footnotes":""},"categories":[2],"tags":[],"class_list":["post-3978","post","type-post","status-publish","format-standard","has-post-thumbnail","hentry","category-general"],"jetpack_featured_media_url":"https:\/\/precrisa.ca\/wp-content\/uploads\/2025\/03\/sondage.jpg","jetpack_sharing_enabled":true,"_links":{"self":[{"href":"https:\/\/precrisa.ca\/en\/wp-json\/wp\/v2\/posts\/3978","targetHints":{"allow":["GET"]}}],"collection":[{"href":"https:\/\/precrisa.ca\/en\/wp-json\/wp\/v2\/posts"}],"about":[{"href":"https:\/\/precrisa.ca\/en\/wp-json\/wp\/v2\/types\/post"}],"author":[{"embeddable":true,"href":"https:\/\/precrisa.ca\/en\/wp-json\/wp\/v2\/users\/1"}],"replies":[{"embeddable":true,"href":"https:\/\/precrisa.ca\/en\/wp-json\/wp\/v2\/comments?post=3978"}],"version-history":[{"count":7,"href":"https:\/\/precrisa.ca\/en\/wp-json\/wp\/v2\/posts\/3978\/revisions"}],"predecessor-version":[{"id":3993,"href":"https:\/\/precrisa.ca\/en\/wp-json\/wp\/v2\/posts\/3978\/revisions\/3993"}],"wp:featuredmedia":[{"embeddable":true,"href":"https:\/\/precrisa.ca\/en\/wp-json\/wp\/v2\/media\/3980"}],"wp:attachment":[{"href":"https:\/\/precrisa.ca\/en\/wp-json\/wp\/v2\/media?parent=3978"}],"wp:term":[{"taxonomy":"category","embeddable":true,"href":"https:\/\/precrisa.ca\/en\/wp-json\/wp\/v2\/categories?post=3978"},{"taxonomy":"post_tag","embeddable":true,"href":"https:\/\/precrisa.ca\/en\/wp-json\/wp\/v2\/tags?post=3978"}],"curies":[{"name":"wp","href":"https:\/\/api.w.org\/{rel}","templated":true}]}}