{"id":3972,"date":"2025-03-03T17:11:36","date_gmt":"2025-03-03T21:11:36","guid":{"rendered":"https:\/\/precrisa.ca\/?p=3972"},"modified":"2025-03-03T17:11:38","modified_gmt":"2025-03-03T21:11:38","slug":"consultation-du-frq-soutenir-laccessibilite-pour-les-personnes-en-situation-de-handicap-dans-la-recherche","status":"publish","type":"post","link":"https:\/\/precrisa.ca\/en\/nouvelles\/consultation-du-frq-soutenir-laccessibilite-pour-les-personnes-en-situation-de-handicap-dans-la-recherche\/","title":{"rendered":"Consultation du FRQ : Soutenir l\u2019accessibilit\u00e9 pour les personnes en situation de handicap dans la recherche"},"content":{"rendered":"<p><strong>Consultation du FRQ : Soutenir l\u2019accessibilit\u00e9 pour les personnes en situation de handicap dans la recherche<\/strong><\/p>\n\n\n\n<p>Le&nbsp;<strong>Fonds de recherche du Qu\u00e9bec (FRQ)<\/strong>&nbsp;lance une consultation visant \u00e0 mieux comprendre les obstacles rencontr\u00e9s par les personnes en situation de handicap dans le cadre de la pr\u00e9paration des demandes et l\u2019acc\u00e8s au financement pour la recherche. Cette initiative s\u2019inscrit dans le cadre de la mise en place d\u2019un plan d\u2019action en mati\u00e8re d\u2019accessibilit\u00e9 du FRQ.<\/p>\n\n\n\n<p>En tant que&nbsp;<strong>R\u00e9seau Pr\u00e9crisa<\/strong>, nous vous encourageons vivement \u00e0 participer \u00e0 cette consultation, qui se d\u00e9roulera sous forme de groupes de discussion en ligne, et qui repr\u00e9sente une occasion importante de faire entendre votre voix pour am\u00e9liorer l\u2019accessibilit\u00e9 dans le milieu de la recherche.<\/p>\n\n\n\n<p><strong>Objectifs de la consultation :<\/strong><\/p>\n\n\n\n<ol start=\"1\" class=\"wp-block-list\">\n<li>Identifier les obstacles rencontr\u00e9s par les personnes en situation de handicap dans l\u2019acc\u00e8s aux financements du FRQ (par exemple : acc\u00e8s \u00e0 l\u2019information, accessibilit\u00e9 des plateformes, r\u00e8gles des programmes, etc.).<\/li>\n\n\n\n<li>D\u00e9gager des solutions concr\u00e8tes permettant de r\u00e9duire ces obstacles et de favoriser un environnement de recherche plus inclusif.<\/li>\n<\/ol>\n\n\n\n<p><strong>D\u00e9tails pratiques :<\/strong><\/p>\n\n\n\n<ul class=\"wp-block-list\">\n<li><strong>Quand :<\/strong>\u00a0Du 25 mars au 4 avril 2025<\/li>\n\n\n\n<li><strong>O\u00f9 :<\/strong>\u00a0En ligne via Teams (disponible en fran\u00e7ais et en anglais)<\/li>\n\n\n\n<li><strong>Dur\u00e9e :<\/strong>\u00a02 heures<\/li>\n\n\n\n<li><strong>Public cible :<\/strong>\u00a0Cette consultation est ouverte aux personnes en situation de handicap ayant d\u00e9j\u00e0 soumis, pr\u00e9par\u00e9 ou tent\u00e9 de pr\u00e9parer au moins une demande de bourse ou de subvention aupr\u00e8s du FRQ au cours des 8 derni\u00e8res ann\u00e9es.<\/li>\n\n\n\n<li><strong>Inscription :<\/strong>\u00a0<a href=\"https:\/\/forms.office.com\/Pages\/ResponsePage.aspx?id=LBHHoaJuREKap7bYw6mzcOs_OsZKr4BGhXxKH7IfyZNURFQzUlI5Tk5NQ1Q2WFVZODlRNUdNNUxMWS4u\" target=\"_blank\" rel=\"noreferrer noopener\"><strong>Cliquez ici pour vous inscrire<\/strong><\/a><\/li>\n<\/ul>\n\n\n\n<p>Cette consultation est une excellente opportunit\u00e9 pour contribuer \u00e0 la construction d\u2019un milieu de recherche plus \u00e9quitable et accessible. Nous vous invitons donc \u00e0 vous inscrire et \u00e0 partager cette information avec vos coll\u00e8gues et r\u00e9seaux.<\/p>\n\n\n\n<p><strong>Une d\u00e9marche vers un environnement plus inclusif et accessible<\/strong><\/p>\n\n\n\n<p>Le&nbsp;<strong>FRQ<\/strong>&nbsp;souhaite recueillir des retours essentiels afin de mieux adapter ses programmes et de promouvoir une recherche inclusive. Votre participation permettra de contribuer \u00e0 une \u00e9volution positive pour la communaut\u00e9 de la recherche au Qu\u00e9bec.<\/p>","protected":false},"excerpt":{"rendered":"<p>Le\u00a0Fonds de recherche du Qu\u00e9bec (FRQ)\u00a0lance une consultation visant \u00e0 mieux comprendre les obstacles rencontr\u00e9s par les personnes en situation de handicap dans le cadre de la pr\u00e9paration des demandes et l\u2019acc\u00e8s au financement pour la recherche. Cette initiative s\u2019inscrit dans le cadre de la mise en place d\u2019un plan d\u2019action en mati\u00e8re d\u2019accessibilit\u00e9 du FRQ.<\/p>","protected":false},"author":1,"featured_media":3974,"comment_status":"closed","ping_status":"closed","sticky":false,"template":"","format":"standard","meta":{"_seopress_robots_primary_cat":"none","_seopress_titles_title":"","_seopress_titles_desc":"","_seopress_robots_index":"","_et_pb_use_builder":"off","_et_pb_old_content":"","_et_gb_content_width":"","_jetpack_memberships_contains_paid_content":false,"footnotes":""},"categories":[2],"tags":[],"class_list":["post-3972","post","type-post","status-publish","format-standard","has-post-thumbnail","hentry","category-general"],"jetpack_featured_media_url":"https:\/\/precrisa.ca\/wp-content\/uploads\/2025\/03\/ordinateur-e1741036287729.jpg","jetpack_sharing_enabled":true,"_links":{"self":[{"href":"https:\/\/precrisa.ca\/en\/wp-json\/wp\/v2\/posts\/3972","targetHints":{"allow":["GET"]}}],"collection":[{"href":"https:\/\/precrisa.ca\/en\/wp-json\/wp\/v2\/posts"}],"about":[{"href":"https:\/\/precrisa.ca\/en\/wp-json\/wp\/v2\/types\/post"}],"author":[{"embeddable":true,"href":"https:\/\/precrisa.ca\/en\/wp-json\/wp\/v2\/users\/1"}],"replies":[{"embeddable":true,"href":"https:\/\/precrisa.ca\/en\/wp-json\/wp\/v2\/comments?post=3972"}],"version-history":[{"count":2,"href":"https:\/\/precrisa.ca\/en\/wp-json\/wp\/v2\/posts\/3972\/revisions"}],"predecessor-version":[{"id":3976,"href":"https:\/\/precrisa.ca\/en\/wp-json\/wp\/v2\/posts\/3972\/revisions\/3976"}],"wp:featuredmedia":[{"embeddable":true,"href":"https:\/\/precrisa.ca\/en\/wp-json\/wp\/v2\/media\/3974"}],"wp:attachment":[{"href":"https:\/\/precrisa.ca\/en\/wp-json\/wp\/v2\/media?parent=3972"}],"wp:term":[{"taxonomy":"category","embeddable":true,"href":"https:\/\/precrisa.ca\/en\/wp-json\/wp\/v2\/categories?post=3972"},{"taxonomy":"post_tag","embeddable":true,"href":"https:\/\/precrisa.ca\/en\/wp-json\/wp\/v2\/tags?post=3972"}],"curies":[{"name":"wp","href":"https:\/\/api.w.org\/{rel}","templated":true}]}}