{"id":3962,"date":"2025-03-03T17:02:53","date_gmt":"2025-03-03T21:02:53","guid":{"rendered":"https:\/\/precrisa.ca\/?p=3962"},"modified":"2025-03-03T17:02:55","modified_gmt":"2025-03-03T21:02:55","slug":"decouvrez-les-prochains-webinaires-du-frq-une-occasion-denrichir-vos-connaissances-sur-la-science-la-diplomatie-et-la-gouvernance-publique","status":"publish","type":"post","link":"https:\/\/precrisa.ca\/en\/nouvelles\/decouvrez-les-prochains-webinaires-du-frq-une-occasion-denrichir-vos-connaissances-sur-la-science-la-diplomatie-et-la-gouvernance-publique\/","title":{"rendered":"D\u00e9couvrez les prochains webinaires du FRQ : une occasion d\u2019enrichir vos connaissances sur la science, la diplomatie et la gouvernance publique"},"content":{"rendered":"<p><strong>D\u00e9couvrez les prochains webinaires du FRQ : une occasion d\u2019enrichir vos connaissances sur la science, la diplomatie et la gouvernance publique<\/strong><\/p>\n\n\n\n<p>Le&nbsp;<strong>R\u00e9seau Pr\u00e9crisa<\/strong>&nbsp;est heureux de vous faire part de deux \u00e9v\u00e9nements passionnants organis\u00e9s par des partenaires du<strong>Fonds de recherche du Qu\u00e9bec (FRQ)<\/strong>&nbsp;et du&nbsp;<strong>R\u00e9seau francophone international en conseil scientifique (RFICS)<\/strong>. Ces webinaires offrent des perspectives int\u00e9ressantes pour les membres du r\u00e9seau, qu\u2019ils soient int\u00e9ress\u00e9s par la diplomatie scientifique ou la prise de d\u00e9cision fond\u00e9e sur des r\u00e9sultats probants dans le secteur public.<\/p>\n\n\n\n<p><\/p>\n\n\n\n<h2 class=\"wp-block-heading\"><strong>1. Webinaire \u00ab De la coop\u00e9ration scientifique \u00e0 la diplomatie scientifique \u00bb<\/strong><\/h2>\n\n\n\n<figure class=\"wp-block-image size-full\"><img loading=\"lazy\" decoding=\"async\" width=\"940\" height=\"557\" src=\"https:\/\/precrisa.ca\/wp-content\/uploads\/2025\/03\/cooperation-scientifique.jpeg\" alt=\"\" class=\"wp-image-3965\" srcset=\"https:\/\/precrisa.ca\/wp-content\/uploads\/2025\/03\/cooperation-scientifique.jpeg 940w, https:\/\/precrisa.ca\/wp-content\/uploads\/2025\/03\/cooperation-scientifique-480x284.jpeg 480w\" sizes=\"auto, (min-width: 0px) and (max-width: 480px) 480px, (min-width: 481px) 940px, 100vw\" \/><\/figure>\n\n\n\n<p><strong>Date :<\/strong>&nbsp;Mercredi 5 mars 2025, de 12h \u00e0 13h (EDT)<br><strong>Organisateur :<\/strong>&nbsp;R\u00e9seau francophone international en conseil scientifique (RFICS)<\/p>\n\n\n\n<p>Lors de ce webinaire,&nbsp;<strong>Jean-Fran\u00e7ois Doulet<\/strong>, attach\u00e9 de coop\u00e9ration scientifique et universitaire \u00e0 l&#8217;ambassade de France au Canada, partagera son expertise sur la mani\u00e8re de lier&nbsp;<strong>g\u00e9opolitique et diplomatie scientifique<\/strong>. Il pr\u00e9sentera un regard comparatif sur le conseil scientifique en diplomatie, illustr\u00e9 par des exemples concrets des relations entre la France et le Canada. Cette discussion enrichissante mettra en lumi\u00e8re les dynamiques actuelles dans la coop\u00e9ration scientifique internationale.<\/p>\n\n\n\n<p><a href=\"https:\/\/www.eventbrite.ca\/e\/de-la-cooperation-scientifique-a-la-diplomatie-scientifique-tickets-1255805220219\" target=\"_blank\" rel=\"noreferrer noopener\"><strong>Inscrivez-vous ici\u00a0\u2192<\/strong><\/a><\/p>\n\n\n\n<p><\/p>\n\n\n\n<h2 class=\"wp-block-heading\"><strong>2. Webinaire \u00ab Mobilisation des r\u00e9sultats probants pour la prise de d\u00e9cision dans les minist\u00e8res du gouvernement du Qu\u00e9bec \u00bb<\/strong><\/h2>\n\n\n\n<figure class=\"wp-block-image size-full\"><img loading=\"lazy\" decoding=\"async\" width=\"640\" height=\"200\" src=\"https:\/\/precrisa.ca\/wp-content\/uploads\/2025\/03\/Mobilisation-des-resultats-probants.png\" alt=\"\" class=\"wp-image-3966\" srcset=\"https:\/\/precrisa.ca\/wp-content\/uploads\/2025\/03\/Mobilisation-des-resultats-probants.png 640w, https:\/\/precrisa.ca\/wp-content\/uploads\/2025\/03\/Mobilisation-des-resultats-probants-480x150.png 480w\" sizes=\"auto, (min-width: 0px) and (max-width: 480px) 480px, (min-width: 481px) 640px, 100vw\" \/><\/figure>\n\n\n\n<p><strong>Date :<\/strong>&nbsp;Mercredi 19 mars 2025, de 12h30 \u00e0 13h45 (EDT)<br><strong>Organisateurs :<\/strong>&nbsp;Fonds de recherche du Qu\u00e9bec (FRQ) et \u00c9NAP<\/p>\n\n\n\n<p>Ce webinaire interactif offrira une discussion approfondie sur l\u2019utilisation des&nbsp;<strong>r\u00e9sultats probants<\/strong>&nbsp;dans la prise de d\u00e9cision au sein du gouvernement qu\u00e9b\u00e9cois. Les artisans de l\u2019\u00e9tude \u00ab&nbsp;<strong>L\u2019interface sciences, politiques et administration publique au Qu\u00e9bec<\/strong>&nbsp;\u00bb \u00e9changeront avec les membres du Forum SPQ pour pr\u00e9senter les premiers r\u00e9sultats de l\u2019\u00e9tude, ainsi que les m\u00e9canismes existants dans les minist\u00e8res de la fonction publique. Ce sera l\u2019occasion de mieux comprendre comment renforcer l\u2019utilisation des r\u00e9sultats de la recherche dans la gouvernance publique.<\/p>\n\n\n\n<p><strong><a href=\"https:\/\/us06web.zoom.us\/meeting\/register\/xcpO_h5aQIyn-rYLeuQ28w#\/registration\" data-type=\"link\" data-id=\"https:\/\/us06web.zoom.us\/meeting\/register\/xcpO_h5aQIyn-rYLeuQ28w#\/registration\" target=\"_blank\" rel=\"noreferrer noopener\">Inscrivez-vous ici\u00a0\u2192<\/a><\/strong><\/p>\n\n\n\n<p><\/p>\n\n\n\n<p>Ces \u00e9v\u00e9nements sont des opportunit\u00e9s exceptionnelles pour approfondir vos connaissances sur des th\u00e9matiques cruciales en sciences, en gouvernance publique et en diplomatie scientifique. Ne manquez pas ces occasions d&#8217;apprentissage et de r\u00e9seautage !<\/p>","protected":false},"excerpt":{"rendered":"<p>Le\u00a0R\u00e9seau Pr\u00e9crisa\u00a0est heureux de vous faire part de deux \u00e9v\u00e9nements passionnants organis\u00e9s par des partenaires duFonds de recherche du Qu\u00e9bec (FRQ)\u00a0et du\u00a0R\u00e9seau francophone international en conseil scientifique (RFICS).<\/p>","protected":false},"author":1,"featured_media":3970,"comment_status":"closed","ping_status":"closed","sticky":false,"template":"","format":"standard","meta":{"_seopress_robots_primary_cat":"none","_seopress_titles_title":"","_seopress_titles_desc":"","_seopress_robots_index":"","_et_pb_use_builder":"","_et_pb_old_content":"","_et_gb_content_width":"","_jetpack_memberships_contains_paid_content":false,"footnotes":""},"categories":[2],"tags":[],"class_list":["post-3962","post","type-post","status-publish","format-standard","has-post-thumbnail","hentry","category-general"],"jetpack_featured_media_url":"https:\/\/precrisa.ca\/wp-content\/uploads\/2025\/03\/frq-webinaire.jpg","jetpack_sharing_enabled":true,"_links":{"self":[{"href":"https:\/\/precrisa.ca\/en\/wp-json\/wp\/v2\/posts\/3962","targetHints":{"allow":["GET"]}}],"collection":[{"href":"https:\/\/precrisa.ca\/en\/wp-json\/wp\/v2\/posts"}],"about":[{"href":"https:\/\/precrisa.ca\/en\/wp-json\/wp\/v2\/types\/post"}],"author":[{"embeddable":true,"href":"https:\/\/precrisa.ca\/en\/wp-json\/wp\/v2\/users\/1"}],"replies":[{"embeddable":true,"href":"https:\/\/precrisa.ca\/en\/wp-json\/wp\/v2\/comments?post=3962"}],"version-history":[{"count":4,"href":"https:\/\/precrisa.ca\/en\/wp-json\/wp\/v2\/posts\/3962\/revisions"}],"predecessor-version":[{"id":3971,"href":"https:\/\/precrisa.ca\/en\/wp-json\/wp\/v2\/posts\/3962\/revisions\/3971"}],"wp:featuredmedia":[{"embeddable":true,"href":"https:\/\/precrisa.ca\/en\/wp-json\/wp\/v2\/media\/3970"}],"wp:attachment":[{"href":"https:\/\/precrisa.ca\/en\/wp-json\/wp\/v2\/media?parent=3962"}],"wp:term":[{"taxonomy":"category","embeddable":true,"href":"https:\/\/precrisa.ca\/en\/wp-json\/wp\/v2\/categories?post=3962"},{"taxonomy":"post_tag","embeddable":true,"href":"https:\/\/precrisa.ca\/en\/wp-json\/wp\/v2\/tags?post=3962"}],"curies":[{"name":"wp","href":"https:\/\/api.w.org\/{rel}","templated":true}]}}