{"id":3947,"date":"2025-03-03T16:27:18","date_gmt":"2025-03-03T20:27:18","guid":{"rendered":"https:\/\/precrisa.ca\/?p=3947"},"modified":"2025-03-03T16:27:20","modified_gmt":"2025-03-03T20:27:20","slug":"distinction-prestigieuse-pour-sebastien-sauve-medaille-du-couronnement-du-roi-charles-iii","status":"publish","type":"post","link":"https:\/\/precrisa.ca\/en\/nouvelles\/distinction-prestigieuse-pour-sebastien-sauve-medaille-du-couronnement-du-roi-charles-iii\/","title":{"rendered":"Distinction prestigieuse pour S\u00e9bastien Sauv\u00e9 : M\u00e9daille du couronnement du roi Charles III"},"content":{"rendered":"<p>C\u2019est avec une grande fiert\u00e9 que nous annon\u00e7ons que S\u00e9bastien Sauv\u00e9, directeur de notre axe scientifique&nbsp;<em>\u00c9cosyst\u00e8mes<\/em>, a re\u00e7u la M\u00e9daille du couronnement du roi Charles III lors d\u2019une c\u00e9r\u00e9monie officielle tenue le 7 d\u00e9cembre dernier \u00e0 HEC Montr\u00e9al. Cette distinction prestigieuse, remise par l\u2019honorable Manon Jeannotte, Lieutenante-gouverneure du Qu\u00e9bec, a \u00e9t\u00e9 attribu\u00e9e \u00e0 12 membres \u00e9m\u00e9rites de la communaut\u00e9 de l\u2019Universit\u00e9 de Montr\u00e9al, pour leur contribution exceptionnelle dans divers domaines, tant au Canada qu\u2019\u00e0 l\u2019international.<\/p>\n\n\n\n<p>La M\u00e9daille du couronnement du roi Charles III reconna\u00eet des individus qui se distinguent par leur engagement envers la soci\u00e9t\u00e9, la protection de l\u2019environnement, ainsi que la promotion de l\u2019\u00e9quit\u00e9 et de la durabilit\u00e9. Dans cette lign\u00e9e, S\u00e9bastien Sauv\u00e9 se distingue par ses travaux remarquables en chimie environnementale, notamment dans l\u2019\u00e9tude des contaminants pr\u00e9sents dans l\u2019eau, le sol, l\u2019air et la nourriture. Son \u00e9quipe de recherche, qu\u2019il dirige \u00e0 l\u2019Universit\u00e9 de Montr\u00e9al, se concentre sur la compr\u00e9hension des impacts des contaminants traditionnels tels que le plomb, l\u2019arsenic et le cadmium, ainsi que sur les compos\u00e9s \u00e9mergents, comme les m\u00e9dicaments et les plastiques, sur l\u2019environnement et la sant\u00e9 humaine.<\/p>\n\n\n\n<p>S\u00e9bastien Sauv\u00e9 est \u00e9galement reconnu pour ses efforts visant \u00e0 sensibiliser la population canadienne aux enjeux environnementaux, notamment par la vulgarisation scientifique dans les m\u00e9dias. Ses recherches contribuent activement \u00e0 la prise de conscience des enjeux li\u00e9s \u00e0 la qualit\u00e9 de l\u2019environnement et influencent les politiques publiques.<\/p>\n\n\n\n<p>Cette m\u00e9daille s\u2019ajoute \u00e0 la reconnaissance qu\u2019il a d\u00e9j\u00e0 re\u00e7ue pour l\u2019excellence de son travail, notamment le prix Acfas Michel-Jurdant pour l\u2019ensemble de ses contributions en sciences de l\u2019environnement.<\/p>\n\n\n\n<p>Nous f\u00e9licitons chaleureusement S\u00e9bastien Sauv\u00e9 pour cette distinction bien m\u00e9rit\u00e9e, qui t\u00e9moigne de son engagement continu pour un avenir plus durable et sain.<\/p>\n\n\n\n<p>Pour plus de d\u00e9tails, vous pouvez consulter l\u2019article complet de l\u2019Universit\u00e9 de Montr\u00e9al ici :\u00a0<a href=\"https:\/\/nouvelles.umontreal.ca\/article\/2024\/12\/11\/la-medaille-du-couronnement-du-roi-charles-iii-est-remise-a-12-membres-de-l-udem\/\" target=\"_blank\" rel=\"noreferrer noopener\">La M\u00e9daille du couronnement du roi Charles III est remise \u00e0 12 membres de l\u2019UdeM<\/a><\/p>","protected":false},"excerpt":{"rendered":"<p>C\u2019est avec une grande fiert\u00e9 que nous annon\u00e7ons que S\u00e9bastien Sauv\u00e9, directeur de notre axe scientifique\u00a0\u00c9cosyst\u00e8mes, a re\u00e7u la M\u00e9daille du couronnement du roi Charles III lors d\u2019une c\u00e9r\u00e9monie officielle tenue le 7 d\u00e9cembre dernier \u00e0 HEC Montr\u00e9al. <\/p>","protected":false},"author":1,"featured_media":3959,"comment_status":"closed","ping_status":"closed","sticky":false,"template":"","format":"standard","meta":{"_seopress_robots_primary_cat":"none","_seopress_titles_title":"","_seopress_titles_desc":"","_seopress_robots_index":"","_et_pb_use_builder":"off","_et_pb_old_content":"","_et_gb_content_width":"","_jetpack_memberships_contains_paid_content":false,"footnotes":""},"categories":[2],"tags":[],"class_list":["post-3947","post","type-post","status-publish","format-standard","has-post-thumbnail","hentry","category-general"],"jetpack_featured_media_url":"https:\/\/precrisa.ca\/wp-content\/uploads\/2025\/03\/Le-Reseau-Precrisa-offre-toutes-ses-felicitations-a-Sebastien-Sauve.png","jetpack_sharing_enabled":true,"_links":{"self":[{"href":"https:\/\/precrisa.ca\/en\/wp-json\/wp\/v2\/posts\/3947","targetHints":{"allow":["GET"]}}],"collection":[{"href":"https:\/\/precrisa.ca\/en\/wp-json\/wp\/v2\/posts"}],"about":[{"href":"https:\/\/precrisa.ca\/en\/wp-json\/wp\/v2\/types\/post"}],"author":[{"embeddable":true,"href":"https:\/\/precrisa.ca\/en\/wp-json\/wp\/v2\/users\/1"}],"replies":[{"embeddable":true,"href":"https:\/\/precrisa.ca\/en\/wp-json\/wp\/v2\/comments?post=3947"}],"version-history":[{"count":1,"href":"https:\/\/precrisa.ca\/en\/wp-json\/wp\/v2\/posts\/3947\/revisions"}],"predecessor-version":[{"id":3949,"href":"https:\/\/precrisa.ca\/en\/wp-json\/wp\/v2\/posts\/3947\/revisions\/3949"}],"wp:featuredmedia":[{"embeddable":true,"href":"https:\/\/precrisa.ca\/en\/wp-json\/wp\/v2\/media\/3959"}],"wp:attachment":[{"href":"https:\/\/precrisa.ca\/en\/wp-json\/wp\/v2\/media?parent=3947"}],"wp:term":[{"taxonomy":"category","embeddable":true,"href":"https:\/\/precrisa.ca\/en\/wp-json\/wp\/v2\/categories?post=3947"},{"taxonomy":"post_tag","embeddable":true,"href":"https:\/\/precrisa.ca\/en\/wp-json\/wp\/v2\/tags?post=3947"}],"curies":[{"name":"wp","href":"https:\/\/api.w.org\/{rel}","templated":true}]}}