{"id":3909,"date":"2025-01-28T13:28:35","date_gmt":"2025-01-28T17:28:35","guid":{"rendered":"https:\/\/precrisa.ca\/?p=3909"},"modified":"2025-01-28T13:28:37","modified_gmt":"2025-01-28T17:28:37","slug":"publication-dun-article-scientifique-sur-le-bien-etre-au-travail-des-intervenant%c2%b7es-communautaires-en-temps-de-pandemie","status":"publish","type":"post","link":"https:\/\/precrisa.ca\/en\/nouvelles\/publication-dun-article-scientifique-sur-le-bien-etre-au-travail-des-intervenant%c2%b7es-communautaires-en-temps-de-pandemie\/","title":{"rendered":"Publication d\u2019un article scientifique sur le bien-\u00eatre au travail des intervenant\u00b7es communautaires en temps de pand\u00e9mie"},"content":{"rendered":"<p>Le R\u00e9seau Pr\u00e9crisa est fier d&#8217;annoncer la publication d&#8217;un article scientifique co\u00e9crit par plusieurs chercheurs dans le cadre d&#8217;un projet financ\u00e9 par le R\u00e9seau Qu\u00e9b\u00e9cois COVID-Pand\u00e9mie (RQCP), r\u00e9seau sur les fondations duquel le R\u00e9seau Pr\u00e9crisa a \u00e9t\u00e9 construit. Ce dossier, intitul\u00e9\u00a0<em>Le bien-\u00eatre au travail des intervenant\u00b7es communautaires en temps de pand\u00e9mie : des activit\u00e9s interventionnelles coconstruites pour r\u00e9pondre aux besoins des milieux<\/em>, pr\u00e9sente des r\u00e9sultats fascinants sur l&#8217;impact de la pand\u00e9mie sur les intervenant\u00b7es communautaires.<\/p>\n\n\n\n<p>Le projet met en lumi\u00e8re une initiative men\u00e9e \u00e0 Montr\u00e9al pour soutenir le bien-\u00eatre des intervenant\u00b7es, en leur offrant des espaces de parole et de soutien. Ces activit\u00e9s ont non seulement apport\u00e9 une r\u00e9ponse positive de la part des intervenant\u00b7es, mais elles soulignent \u00e9galement la n\u00e9cessit\u00e9 de p\u00e9renniser et d\u2019\u00e9tendre de telles initiatives pour offrir un soutien durable. Les donn\u00e9es r\u00e9colt\u00e9es d\u00e9montrent l\u2019importance d\u2019adopter une approche coconstruite pour r\u00e9pondre aux besoins sp\u00e9cifiques des milieux communautaires.<\/p>\n\n\n\n<p>Cet article est une lecture incontournable pour nos membres, et nous vous encourageons vivement \u00e0 le consulter pour en apprendre davantage sur les enjeux auxquels sont confront\u00e9\u00b7es les intervenant\u00b7es communautaires pendant et apr\u00e8s la pand\u00e9mie.<\/p>\n\n\n\n<p><strong>Titre de l&#8217;article<\/strong>\u00a0: Le bien-\u00eatre au travail des intervenant\u00b7es communautaires en temps de pand\u00e9mie<br><strong>Auteurs<\/strong>\u00a0: Marie-Pascale B\u00e9land, Lara Gautier, Catherine Pappas, Hugues Laforce, William Delisle, Ancuta Stan, Jean-S\u00e9bastien Patrice et Na\u00efma Bentayeb<br><strong>Revue<\/strong>\u00a0: Nouvelles pratiques sociales, Volume 34, num\u00e9ro 1, 2024, p. 219\u2013233<br><strong>Lien pour consulter l&#8217;article<\/strong>\u00a0:\u00a0<a href=\"https:\/\/www.erudit.org\/fr\/revues\/nps\/2024-v34-n1-nps09677\/1114807ar\/\" target=\"_blank\" rel=\"noreferrer noopener\">https:\/\/www.erudit.org\/fr\/revues\/nps\/2024-v34-n1-nps09677\/1114807ar\/<\/a><\/p>","protected":false},"excerpt":{"rendered":"<p>Ce dossier, intitul\u00e9\u00a0Le bien-\u00eatre au travail des intervenant\u00b7e\u00b7s communautaires en temps de pand\u00e9mie : des activit\u00e9s interventionnelles coconstruites pour r\u00e9pondre aux besoins des milieux, pr\u00e9sente des r\u00e9sultats fascinants sur l&#8217;impact de la pand\u00e9mie sur les intervenant\u00b7e\u00b7s communautaires.<\/p>","protected":false},"author":1,"featured_media":3911,"comment_status":"closed","ping_status":"closed","sticky":false,"template":"","format":"standard","meta":{"_seopress_robots_primary_cat":"none","_seopress_titles_title":"","_seopress_titles_desc":"","_seopress_robots_index":"","_et_pb_use_builder":"off","_et_pb_old_content":"","_et_gb_content_width":"","_jetpack_memberships_contains_paid_content":false,"footnotes":""},"categories":[2],"tags":[],"class_list":["post-3909","post","type-post","status-publish","format-standard","has-post-thumbnail","hentry","category-general"],"jetpack_featured_media_url":"https:\/\/precrisa.ca\/wp-content\/uploads\/2025\/01\/intervenants-comm.jpg","jetpack_sharing_enabled":true,"_links":{"self":[{"href":"https:\/\/precrisa.ca\/en\/wp-json\/wp\/v2\/posts\/3909","targetHints":{"allow":["GET"]}}],"collection":[{"href":"https:\/\/precrisa.ca\/en\/wp-json\/wp\/v2\/posts"}],"about":[{"href":"https:\/\/precrisa.ca\/en\/wp-json\/wp\/v2\/types\/post"}],"author":[{"embeddable":true,"href":"https:\/\/precrisa.ca\/en\/wp-json\/wp\/v2\/users\/1"}],"replies":[{"embeddable":true,"href":"https:\/\/precrisa.ca\/en\/wp-json\/wp\/v2\/comments?post=3909"}],"version-history":[{"count":2,"href":"https:\/\/precrisa.ca\/en\/wp-json\/wp\/v2\/posts\/3909\/revisions"}],"predecessor-version":[{"id":3913,"href":"https:\/\/precrisa.ca\/en\/wp-json\/wp\/v2\/posts\/3909\/revisions\/3913"}],"wp:featuredmedia":[{"embeddable":true,"href":"https:\/\/precrisa.ca\/en\/wp-json\/wp\/v2\/media\/3911"}],"wp:attachment":[{"href":"https:\/\/precrisa.ca\/en\/wp-json\/wp\/v2\/media?parent=3909"}],"wp:term":[{"taxonomy":"category","embeddable":true,"href":"https:\/\/precrisa.ca\/en\/wp-json\/wp\/v2\/categories?post=3909"},{"taxonomy":"post_tag","embeddable":true,"href":"https:\/\/precrisa.ca\/en\/wp-json\/wp\/v2\/tags?post=3909"}],"curies":[{"name":"wp","href":"https:\/\/api.w.org\/{rel}","templated":true}]}}