{"id":3737,"date":"2024-12-03T23:20:30","date_gmt":"2024-12-04T03:20:30","guid":{"rendered":"https:\/\/precrisa.ca\/?p=3737"},"modified":"2024-12-03T23:30:16","modified_gmt":"2024-12-04T03:30:16","slug":"presentation-du-reseau-precrisa-ecoutez-lentrevue-de-lily-lessard-et-dre-caroline-quach-radio-canada","status":"publish","type":"post","link":"https:\/\/precrisa.ca\/en\/nouvelles\/presentation-du-reseau-precrisa-ecoutez-lentrevue-de-lily-lessard-et-dre-caroline-quach-radio-canada\/","title":{"rendered":"Pr\u00e9sentation du R\u00e9seau Pr\u00e9crisa : \u00c9coutez l&#8217;entrevue de Lily Lessard et Dre Caroline Quach \u00e0\u00a0Radio-Canada"},"content":{"rendered":"<h2 class=\"wp-block-heading\"><strong>Pr\u00e9sentation du R\u00e9seau Pr\u00e9crisa : \u00c9coutez l&#8217;entrevue de Lily Lessard et Dre Caroline Quach \u00e0&nbsp;Radio-Canada<\/strong><\/h2>\n\n\n\n<p><\/p>\n\n\n\n<p style=\"font-size:17px\">Le 2 d\u00e9cembre 2024, dans la foul\u00e9e du lancement officiel du R\u00e9seau Pr\u00e9crisa, Lily Lessard, directrice du r\u00e9seau, et la Dre Caroline Quach, co-directrice, ont eu l&#8217;honneur d&#8217;\u00eatre invit\u00e9es \u00e0 l&#8217;\u00e9mission&nbsp;<em>M\u00eame fr\u00e9quence<\/em>, anim\u00e9e par Maude Rivard&nbsp;sur les ondes de Radio-Canada Bas-Saint-Laurent. Lors de cette entrevue radiophonique de douze minutes, elles ont partag\u00e9 les missions et vis\u00e9es&nbsp;du R\u00e9seau Pr\u00e9crisa, ainsi que les enjeux fondamentaux li\u00e9s \u00e0 la pr\u00e9vention et la gestion des crises&nbsp;en sant\u00e9, notamment en mati\u00e8re d&#8217;environnement et de sant\u00e9 mentale.<\/p>\n\n\n\n<p style=\"font-size:17px\">Cette conversation enrichissante a permis de mettre en lumi\u00e8re les objectifs du r\u00e9seau, ses actions pour am\u00e9liorer la pr\u00e9paration aux crises et l&#8217;importance de la collaboration interdisciplinaire. C&#8217;est une belle occasion de mieux comprendre comment Pr\u00e9crisa s&#8217;engage dans l&#8217;accompagnement des communaut\u00e9s face aux d\u00e9fis de demain.<\/p>\n\n\n\n<p style=\"font-size:17px\">Si vous avez manqu\u00e9 l&#8217;\u00e9mission en direct, ne vous inqui\u00e9tez pas ! Vous pouvez maintenant \u00e9couter l&#8217;entrevue en rattrapage en suivant ce lien :<br><\/p>\n\n\n\n<p style=\"font-size:17px\"><a href=\"https:\/\/ici.radio-canada.ca\/ohdio\/premiere\/emissions\/meme-frequence\/segments\/rattrapage\/1930619\/precrisa-s-interesse-a-prevention-et-gestion-crises-en-environnement\" target=\"_blank\" rel=\"noreferrer noopener\"><strong>\u00c9coutez l&#8217;entrevue avec Lily Lessard et Dre Caroline Quach<\/strong><\/a><\/p>\n\n\n\n<p style=\"font-size:17px\">L&#8217;entrevue est \u00e9galement disponible sur l&#8217;application Ohdio, pour ceux qui pr\u00e9f\u00e8rent l&#8217;\u00e9couter en d\u00e9placement.<\/p>\n\n\n\n<p style=\"font-size:17px\">Nous vous encourageons vivement \u00e0 prendre quelques minutes pour d\u00e9couvrir cette conversation captivante, qui pr\u00e9sente de mani\u00e8re accessible et passionnante les actions du R\u00e9seau Pr\u00e9crisa et ses projets \u00e0 venir. Une belle opportunit\u00e9 pour tous ceux qui s&#8217;int\u00e9ressent \u00e0 la r\u00e9silience, \u00e0 la sant\u00e9 mentale en p\u00e9riode de crise et \u00e0 la collaboration entre les acteurs du milieu.<\/p>","protected":false},"excerpt":{"rendered":"<p>Lors de cette entrevue radiophonique de douze minutes, elles ont partag\u00e9 les missions et vis\u00e9es\u00a0du R\u00e9seau Pr\u00e9crisa, ainsi que les enjeux fondamentaux li\u00e9s \u00e0 la pr\u00e9vention et la gestion des crises\u00a0en sant\u00e9, notamment en mati\u00e8re d&#8217;environnement et de sant\u00e9 mentale.<\/p>","protected":false},"author":3454,"featured_media":3745,"comment_status":"closed","ping_status":"closed","sticky":false,"template":"","format":"standard","meta":{"_seopress_robots_primary_cat":"none","_seopress_titles_title":"","_seopress_titles_desc":"","_seopress_robots_index":"","_et_pb_use_builder":"off","_et_pb_old_content":"<!-- wp:heading -->\n<h2 class=\"wp-block-heading\"><strong>Pr\u00e9sentation du R\u00e9seau Pr\u00e9crisa : \u00c9coutez l'entrevue de Lily Lessard et Dre Caroline Quach \u00e0\u00a0Radio-Canada<\/strong><\/h2>\n<!-- \/wp:heading -->\n\n<!-- wp:paragraph -->\n<p><\/p>\n<!-- \/wp:paragraph -->\n\n<!-- wp:paragraph {\"style\":{\"typography\":{\"fontSize\":\"17px\"}}} -->\n<p style=\"font-size:17px\">Le 2 d\u00e9cembre 2024, dans la foul\u00e9e du lancement officiel du R\u00e9seau Pr\u00e9crisa, Lily Lessard, directrice du r\u00e9seau, et la Dre Caroline Quach, co-directrice, ont eu l'honneur d'\u00eatre invit\u00e9es \u00e0 l'\u00e9mission&nbsp;<em>M\u00eame fr\u00e9quence<\/em>, anim\u00e9e par Maude Rivard&nbsp;sur les ondes de Radio-Canada Bas-Saint-Laurent. Lors de cette entrevue radiophonique de douze minutes, elles ont partag\u00e9 les missions et vis\u00e9es&nbsp;du R\u00e9seau Pr\u00e9crisa, ainsi que les enjeux fondamentaux li\u00e9s \u00e0 la pr\u00e9vention et la gestion des crises&nbsp;en sant\u00e9, notamment en mati\u00e8re d'environnement et de sant\u00e9 mentale.<\/p>\n<!-- \/wp:paragraph -->\n\n<!-- wp:paragraph {\"style\":{\"typography\":{\"fontSize\":\"17px\"}}} -->\n<p style=\"font-size:17px\">Cette conversation enrichissante a permis de mettre en lumi\u00e8re les objectifs du r\u00e9seau, ses actions pour am\u00e9liorer la pr\u00e9paration aux crises et l'importance de la collaboration interdisciplinaire. C'est une belle occasion de mieux comprendre comment Pr\u00e9crisa s'engage dans l'accompagnement des communaut\u00e9s face aux d\u00e9fis de demain.<\/p>\n<!-- \/wp:paragraph -->\n\n<!-- wp:paragraph {\"style\":{\"typography\":{\"fontSize\":\"17px\"}}} -->\n<p style=\"font-size:17px\">Si vous avez manqu\u00e9 l'\u00e9mission en direct, ne vous inqui\u00e9tez pas ! Vous pouvez maintenant \u00e9couter l'entrevue en rattrapage en suivant ce lien :<br><\/p>\n<!-- \/wp:paragraph -->\n\n<!-- wp:paragraph {\"style\":{\"typography\":{\"fontSize\":\"17px\"}}} -->\n<p style=\"font-size:17px\"><a href=\"https:\/\/ici.radio-canada.ca\/ohdio\/premiere\/emissions\/meme-frequence\/segments\/rattrapage\/1930619\/precrisa-s-interesse-a-prevention-et-gestion-crises-en-environnement\" target=\"_blank\" rel=\"noreferrer noopener\"><strong>\u00c9coutez l'entrevue avec Lily Lessard et Dre Caroline Quach<\/strong><\/a><\/p>\n<!-- \/wp:paragraph -->\n\n<!-- wp:paragraph {\"style\":{\"typography\":{\"fontSize\":\"17px\"}}} -->\n<p style=\"font-size:17px\">L'entrevue est \u00e9galement disponible sur l'application Ohdio, pour ceux qui pr\u00e9f\u00e8rent l'\u00e9couter en d\u00e9placement.<\/p>\n<!-- \/wp:paragraph -->\n\n<!-- wp:paragraph {\"style\":{\"typography\":{\"fontSize\":\"17px\"}}} -->\n<p style=\"font-size:17px\">Nous vous encourageons vivement \u00e0 prendre quelques minutes pour d\u00e9couvrir cette conversation captivante, qui pr\u00e9sente de mani\u00e8re accessible et passionnante les actions du R\u00e9seau Pr\u00e9crisa et ses projets \u00e0 venir. Une belle opportunit\u00e9 pour tous ceux qui s'int\u00e9ressent \u00e0 la r\u00e9silience, \u00e0 la sant\u00e9 mentale en p\u00e9riode de crise et \u00e0 la collaboration entre les acteurs du milieu.<\/p>\n<!-- \/wp:paragraph -->","_et_gb_content_width":"1080","_jetpack_memberships_contains_paid_content":false,"footnotes":""},"categories":[2],"tags":[],"class_list":["post-3737","post","type-post","status-publish","format-standard","has-post-thumbnail","hentry","category-general"],"jetpack_featured_media_url":"https:\/\/precrisa.ca\/wp-content\/uploads\/2024\/12\/precrisa-ohdio.jpg","jetpack_sharing_enabled":true,"_links":{"self":[{"href":"https:\/\/precrisa.ca\/en\/wp-json\/wp\/v2\/posts\/3737","targetHints":{"allow":["GET"]}}],"collection":[{"href":"https:\/\/precrisa.ca\/en\/wp-json\/wp\/v2\/posts"}],"about":[{"href":"https:\/\/precrisa.ca\/en\/wp-json\/wp\/v2\/types\/post"}],"author":[{"embeddable":true,"href":"https:\/\/precrisa.ca\/en\/wp-json\/wp\/v2\/users\/3454"}],"replies":[{"embeddable":true,"href":"https:\/\/precrisa.ca\/en\/wp-json\/wp\/v2\/comments?post=3737"}],"version-history":[{"count":6,"href":"https:\/\/precrisa.ca\/en\/wp-json\/wp\/v2\/posts\/3737\/revisions"}],"predecessor-version":[{"id":3754,"href":"https:\/\/precrisa.ca\/en\/wp-json\/wp\/v2\/posts\/3737\/revisions\/3754"}],"wp:featuredmedia":[{"embeddable":true,"href":"https:\/\/precrisa.ca\/en\/wp-json\/wp\/v2\/media\/3745"}],"wp:attachment":[{"href":"https:\/\/precrisa.ca\/en\/wp-json\/wp\/v2\/media?parent=3737"}],"wp:term":[{"taxonomy":"category","embeddable":true,"href":"https:\/\/precrisa.ca\/en\/wp-json\/wp\/v2\/categories?post=3737"},{"taxonomy":"post_tag","embeddable":true,"href":"https:\/\/precrisa.ca\/en\/wp-json\/wp\/v2\/tags?post=3737"}],"curies":[{"name":"wp","href":"https:\/\/api.w.org\/{rel}","templated":true}]}}