{"id":3622,"date":"2024-12-03T17:34:24","date_gmt":"2024-12-03T21:34:24","guid":{"rendered":"https:\/\/precrisa.ca\/?p=3622"},"modified":"2024-12-11T16:23:26","modified_gmt":"2024-12-11T20:23:26","slug":"retour-sur-le-lancement-reseau-precrisa-reseau-interdisciplinaire","status":"publish","type":"post","link":"https:\/\/precrisa.ca\/en\/nouvelles\/retour-sur-le-lancement-reseau-precrisa-reseau-interdisciplinaire\/","title":{"rendered":"Retour sur le lancement du R\u00e9seau Pr\u00e9crisa : Un r\u00e9seau interdisciplinaire pour se pr\u00e9parer ensemble face aux crises en sant\u00e9"},"content":{"rendered":"<p>[et_pb_section fb_built=&#8221;1&#8243; _builder_version=&#8221;4.27.3&#8243; background_color=&#8221;RGBA(255,255,255,0)&#8221; custom_margin=&#8221;-18px||||false|false&#8221; global_colors_info=&#8221;{}&#8221; theme_builder_area=&#8221;post_content&#8221;][et_pb_row _builder_version=&#8221;4.27.3&#8243; background_size=&#8221;initial&#8221; background_position=&#8221;top_left&#8221; background_repeat=&#8221;repeat&#8221; width=&#8221;100%&#8221; custom_margin=&#8221;-20px||||false|false&#8221; custom_padding=&#8221;0px||||false|false&#8221; global_colors_info=&#8221;{}&#8221; theme_builder_area=&#8221;post_content&#8221;][et_pb_column type=&#8221;4_4&#8243; _builder_version=&#8221;4.16&#8243; custom_padding=&#8221;|||&#8221; global_colors_info=&#8221;{}&#8221; custom_padding__hover=&#8221;|||&#8221; theme_builder_area=&#8221;post_content&#8221;][et_pb_text _builder_version=&#8221;4.27.3&#8243; text_font_size=&#8221;17px&#8221; text_line_height=&#8221;1.4em&#8221; header_line_height=&#8221;1.3em&#8221; background_size=&#8221;initial&#8221; background_position=&#8221;top_left&#8221; background_repeat=&#8221;repeat&#8221; global_colors_info=&#8221;{}&#8221; theme_builder_area=&#8221;post_content&#8221;]<\/p>\n<h3>Retour sur le lancement du R\u00e9seau Pr\u00e9crisa : Un r\u00e9seau interdisciplinaire pour se pr\u00e9parer ensemble face aux crises en sant\u00e9<\/h3>\n<p>&nbsp;<\/p>\n<p>Le 27 novembre 2024, le R\u00e9seau Pr\u00e9crisa a officiellement lanc\u00e9 ses activit\u00e9s lors d\u2019un \u00e9v\u00e9nement marquant \u00e0 l\u2019Amphith\u00e9\u00e2tre TELUS du campus de L\u00e9vis. Cette soir\u00e9e a offert l\u2019opportunit\u00e9 de pr\u00e9senter la mission du r\u00e9seau et de partager sa vision : celle d\u2019un Qu\u00e9bec mieux pr\u00e9par\u00e9 \u00e0 affronter les crises sanitaires \u00e9mergentes.<\/p>\n<p>Le R\u00e9seau Pr\u00e9crisa, dirig\u00e9 par Lily Lessard (UQAR), en collaboration avec H\u00e9l\u00e8ne Carabin et Caroline Quach-Thanh (Universit\u00e9 de Montr\u00e9al), ainsi que le citoyen-partenaire Guy Poulin, rassemble des expertises interdisciplinaires pour mieux anticiper et g\u00e9rer les crises en sant\u00e9. Ce r\u00e9seau vise \u00e0 f\u00e9d\u00e9rer des acteurs cl\u00e9s issus des milieux de la recherche, des autorit\u00e9s de sant\u00e9, des collectivit\u00e9s et de la soci\u00e9t\u00e9 civile.<\/p>\n<p>L\u2019animation de la soir\u00e9e a \u00e9t\u00e9 assur\u00e9e par Fran\u00e7ois Desch\u00eanes, recteur de l\u2019UQAR, qui a brillamment guid\u00e9 les \u00e9changes avec enthousiasme et professionnalisme, et Flore Tanguay H\u00e9bert, la nouvelle coordonnatrice ex\u00e9cutive du R\u00e9seau. Une allocution vid\u00e9o de Luc Stafford, vice-recteur adjoint \u00e0 la recherche \u00e0 l\u2019Universit\u00e9 de Montr\u00e9al, a ajout\u00e9 une dimension inspirante \u00e0 l\u2019\u00e9v\u00e9nement, en soulignant l\u2019importance strat\u00e9gique de ce r\u00e9seau pour l\u2019avenir de la gestion des crises sanitaires.<\/p>\n<p>Cet \u00e9v\u00e9nement a \u00e9galement permis d\u2019engager des discussions constructives sur la collaboration entre les chercheurs, les autorit\u00e9s sanitaires et les citoyens, \u00e9l\u00e9ments essentiels \u00e0 une gestion efficace des crises. Un cocktail a cl\u00f4tur\u00e9 la soir\u00e9e, favorisant les \u00e9changes informels et permettant aux participants de renforcer leur engagement envers cette initiative prometteuse.<\/p>\n<p>Soutenu par le Fonds de recherche du Qu\u00e9bec \u2013 secteur Sant\u00e9, qui finance le r\u00e9seau \u00e0 hauteur de 4 millions de dollars depuis le 1er avril 2024, le R\u00e9seau Pr\u00e9crisa a pour objectif de doter le Qu\u00e9bec d\u2019une communaut\u00e9 de recherche, de pratique et de structures p\u00e9rennes d\u00e9di\u00e9es \u00e0 la gestion des crises sanitaires.<\/p>\n<p>Le r\u00e9seau s\u2019inscrit dans un contexte de pressions croissantes sur les syst\u00e8mes de sant\u00e9 et de complexification des crises sanitaires. Il se veut une r\u00e9ponse proactive face aux menaces sanitaires \u00e9mergentes, tout en renfor\u00e7ant la r\u00e9silience des syst\u00e8mes de sant\u00e9, des individus et des collectivit\u00e9s. Pour y parvenir, Pr\u00e9crisa adopte l\u2019approche Une seule sant\u00e9, articulant ses travaux autour de quatre principes directeurs fondamentaux :<\/p>\n<p style=\"padding-left: 40px;\">\u2022 La gouvernance collaborative<br \/>\u2022 La sant\u00e9 durable<br \/>\u2022 Le partenariat patient et citoyen<br \/>\u2022 Les 4C de la gestion des crises des Nations Unies : Coordination, Communication, renforcement des Capacit\u00e9s et Collaboration.<\/p>\n<p>Ces principes guident les actions du r\u00e9seau, qui vise \u00e0 cr\u00e9er un environnement de travail inclusif et multidisciplinaire, capable de mobiliser un large \u00e9ventail de partenaires pour am\u00e9liorer la gestion des crises sanitaires. Le R\u00e9seau Pr\u00e9crisa pr\u00f4ne une approche int\u00e9gr\u00e9e qui combine recherche, pratiques de terrain et mobilisation collective pour mieux faire face aux crises futures.<\/p>\n<p>Nous sommes fiers de ce lancement et impatients de voir le r\u00e9seau se d\u00e9velopper pour devenir un acteur cl\u00e9 dans la pr\u00e9paration aux crises sanitaires de demain.<\/p>\n<p><strong>Retour en images<\/strong><\/p>\n<p>[\/et_pb_text][et_pb_gallery gallery_ids=&#8221;3626,3627,3628,3629,3630,3631,3632,3633,3634,3635,3636,3637,3638,3639,3640&#8243; posts_number=&#8221;60&#8243; show_title_and_caption=&#8221;off&#8221; show_pagination=&#8221;off&#8221; admin_label=&#8221;Gallery&#8221; _builder_version=&#8221;4.27.3&#8243; _module_preset=&#8221;default&#8221; pagination_text_color=&#8221;#223567&#8243; border_radii_image=&#8221;off||8px||8px&#8221; box_shadow_style_image=&#8221;preset3&#8243; box_shadow_vertical_image=&#8221;10px&#8221; box_shadow_blur_image=&#8221;13px&#8221; box_shadow_spread_image=&#8221;-7px&#8221; global_module=&#8221;3440&#8243; global_colors_info=&#8221;{}&#8221; theme_builder_area=&#8221;post_content&#8221;][\/et_pb_gallery][\/et_pb_column][\/et_pb_row][\/et_pb_section]<\/p>","protected":false},"excerpt":{"rendered":"<p>Le 27 novembre 2024, le R\u00e9seau Pr\u00e9crisa a officiellement lanc\u00e9 ses activit\u00e9s lors d\u2019un \u00e9v\u00e9nement marquant \u00e0 l\u2019Amphith\u00e9\u00e2tre TELUS du campus de L\u00e9vis. Cette soir\u00e9e a offert l\u2019opportunit\u00e9 de pr\u00e9senter la mission du r\u00e9seau et de partager sa vision : celle d\u2019un Qu\u00e9bec mieux pr\u00e9par\u00e9 \u00e0 affronter les crises sanitaires \u00e9mergentes.<\/p>","protected":false},"author":3454,"featured_media":3645,"comment_status":"closed","ping_status":"closed","sticky":false,"template":"","format":"standard","meta":{"_seopress_robots_primary_cat":"none","_seopress_titles_title":"","_seopress_titles_desc":"","_seopress_robots_index":"","_et_pb_use_builder":"on","_et_pb_old_content":"","_et_gb_content_width":"","_jetpack_memberships_contains_paid_content":false,"footnotes":""},"categories":[2],"tags":[],"class_list":["post-3622","post","type-post","status-publish","format-standard","has-post-thumbnail","hentry","category-general"],"jetpack_featured_media_url":"https:\/\/precrisa.ca\/wp-content\/uploads\/2024\/12\/DSCF4594-Enhanced-NR-copie-e1733261048282.jpg","jetpack_sharing_enabled":true,"_links":{"self":[{"href":"https:\/\/precrisa.ca\/en\/wp-json\/wp\/v2\/posts\/3622","targetHints":{"allow":["GET"]}}],"collection":[{"href":"https:\/\/precrisa.ca\/en\/wp-json\/wp\/v2\/posts"}],"about":[{"href":"https:\/\/precrisa.ca\/en\/wp-json\/wp\/v2\/types\/post"}],"author":[{"embeddable":true,"href":"https:\/\/precrisa.ca\/en\/wp-json\/wp\/v2\/users\/3454"}],"replies":[{"embeddable":true,"href":"https:\/\/precrisa.ca\/en\/wp-json\/wp\/v2\/comments?post=3622"}],"version-history":[{"count":7,"href":"https:\/\/precrisa.ca\/en\/wp-json\/wp\/v2\/posts\/3622\/revisions"}],"predecessor-version":[{"id":3662,"href":"https:\/\/precrisa.ca\/en\/wp-json\/wp\/v2\/posts\/3622\/revisions\/3662"}],"wp:featuredmedia":[{"embeddable":true,"href":"https:\/\/precrisa.ca\/en\/wp-json\/wp\/v2\/media\/3645"}],"wp:attachment":[{"href":"https:\/\/precrisa.ca\/en\/wp-json\/wp\/v2\/media?parent=3622"}],"wp:term":[{"taxonomy":"category","embeddable":true,"href":"https:\/\/precrisa.ca\/en\/wp-json\/wp\/v2\/categories?post=3622"},{"taxonomy":"post_tag","embeddable":true,"href":"https:\/\/precrisa.ca\/en\/wp-json\/wp\/v2\/tags?post=3622"}],"curies":[{"name":"wp","href":"https:\/\/api.w.org\/{rel}","templated":true}]}}